{"id":2944,"date":"2026-09-03T20:18:13","date_gmt":"2026-09-03T20:18:13","guid":{"rendered":"https:\/\/diplomatique.ma\/fr\/?p=2944"},"modified":"2026-09-03T20:18:13","modified_gmt":"2026-09-03T20:18:13","slug":"quand-le-drapeau-marocain-a-ete-dechire-en-espagne-a-ceux-qui-pensent-que-le-maroc-avalera-lhumiliation","status":"publish","type":"post","link":"https:\/\/diplomatique.ma\/fr\/quand-le-drapeau-marocain-a-ete-dechire-en-espagne-a-ceux-qui-pensent-que-le-maroc-avalera-lhumiliation\/","title":{"rendered":"Quand le drapeau marocain a \u00e9t\u00e9 d\u00e9chir\u00e9 en Espagne\u2026 \u00c0 ceux qui pensent que le Maroc avalera l\u2019humiliation ?"},"content":{"rendered":"<h4 style=\"text-align: justify;\"><strong>Quand le drapeau marocain est d\u00e9chir\u00e9 en Espagne : de la crise de Ceuta \u00e0 la stigmatisation des Marocains comme \u00ab cinqui\u00e8me colonne \u00bb<\/strong><\/h4>\n<p style=\"text-align: justify;\">Ce qui s\u2019est pass\u00e9 en Espagne d\u00e9passe d\u00e9sormais la seule crise de Ceuta. Lorsque des responsables de Democracia Nacional ont d\u00e9chir\u00e9 symboliquement le drapeau marocain en signe de protestation contre le Maroc, avant que les comptes du mouvement ne relaient des messages appelant \u00e0 ce que le drapeau \u00ab br\u00fble \u00bb, le geste n\u2019est plus seulement une provocation politique. Il intervient dans un contexte o\u00f9 le m\u00eame mouvement pr\u00e9sente le Maroc comme \u00ab l\u2019ennemi du Sud \u00bb et d\u00e9signe une partie de la population marocaine vivant en Espagne comme une potentielle \u00ab cinqui\u00e8me colonne \u00bb.<\/p>\n<blockquote class=\"twitter-tweet\" data-width=\"550\" data-dnt=\"true\">\n<p lang=\"ar\" dir=\"rtl\">\ud83c\uddf2\ud83c\udde6\ud83c\uddea\ud83c\uddf8 \u0647\u0646\u0627 \u062a\u062c\u0627\u0648\u0632\u062a\u0645 \u0643\u0644 \u0627\u0644\u062e\u0637\u0648\u0637 \u0627\u0644\u062d\u0645\u0631\u0627\u0621<\/p>\n<p>\u062d\u064a\u0646 \u064a\u064f\u0645\u0632\u064e\u0651\u0642 \u0627\u0644\u0639\u0644\u0645 \u0627\u0644\u0645\u063a\u0631\u0628\u064a \u0623\u0648 \u064a\u064f\u062d\u0631\u064e\u0642\u060c\u062b\u0645 \u064a\u064f\u0642\u0627\u0644 \u0625\u0646 \u0645\u0626\u0627\u062a \u0627\u0644\u0622\u0644\u0627\u0641 \u0645\u0646 \u0627\u0644\u0645\u063a\u0627\u0631\u0628\u0629 \u0641\u064a \u0625\u0633\u0628\u0627\u0646\u064a\u0627 \u0639\u062f\u0648 \u0627\u0644\u062c\u0646\u0648\u0628 \u0648\u0637\u0627\u0628\u0648\u0631 \u062e\u0627\u0645\u0633\u060c \u0641\u0647\u0630\u0647 \u0644\u0645 \u062a\u0639\u062f \u0645\u0633\u0623\u0644\u0629 \u0633\u0628\u062a\u0629 \u0623\u0648 \u0647\u062c\u0631\u0629\u061b \u0647\u0630\u0627 \u062e\u0637\u0627\u0628 \u0643\u0631\u0627\u0647\u064a\u0629 \u064a\u0633\u062a\u0647\u062f\u0641 \u0634\u0639\u0628\u0627\u064b \u0643\u0627\u0645\u0644\u0627\u064b<\/p>\n<p>\u0648\u0627\u0644\u0642\u0627\u0639\u062f\u0629 \u0628\u0633\u064a\u0637\u0629: \u0625\u0630\u0627 \u062a\u0631\u0627\u062c\u0639 \u0627\u0644\u0639\u0642\u0644 \u0623\u0645\u0627\u0645 \u0645\u0646 \u064a\u0646\u0628\u062d\u060c \u064a\u062a\u062d\u0648\u0644 \u0627\u0644\u0646\u0628\u0627\u062d \u0625\u0644\u0649 \u0647\u062c\u0648\u0645 <a href=\"https:\/\/t.co\/Sdy5cdnZSB\">pic.twitter.com\/Sdy5cdnZSB<\/a><\/p>\n<p>&mdash; Diplomatique.ma \u0627\u0644\u062f\u0628\u0644\u0648\u0645\u0627\u0633\u064a\u0629 (@diplomatique_ma) <a href=\"https:\/\/x.com\/diplomatique_ma\/status\/2095598427702702163?ref_src=twsrc%5Etfw\">September 3, 2026<\/a><\/p><\/blockquote>\n<p><script async src=\"https:\/\/platform.x.com\/widgets.js\" charset=\"utf-8\"><\/script><\/p>\n<p style=\"text-align: justify;\">Il faut \u00eatre pr\u00e9cis sur les faits. En Espagne, ce qui est actuellement document\u00e9 est le d\u00e9chirement symbolique du drapeau marocain par le pr\u00e9sident de Democracia Nacional, Pedro Chaparro, et son vice-pr\u00e9sident, Gonzalo Mart\u00edn. Les publications du mouvement ont parall\u00e8lement utilis\u00e9 une rh\u00e9torique appelant \u00e0 ce que le drapeau \u00ab br\u00fble \u00bb. Cela ne permet pas d\u2019affirmer que le drapeau a effectivement \u00e9t\u00e9 br\u00fbl\u00e9 lors de cette m\u00eame action. Cette distinction n\u2019est pas secondaire : dans une affaire aussi sensible, les faits doivent rester plus forts que les slogans.<\/p>\n<p style=\"text-align: justify;\">Mais le probl\u00e8me est pr\u00e9cis\u00e9ment ailleurs : dans la continuit\u00e9 du discours. Le 31 juillet, au lendemain de la crise migratoire massive \u00e0 Ceuta, Democracia Nacional publiait un texte intitul\u00e9 \u00ab Ante la invasi\u00f3n marroqu\u00ed de Ceuta \u00bb, dans lequel il demandait le retour au Maroc de \u00ab la grande majorit\u00e9 \u00bb des immigr\u00e9s marocains vivant en Espagne. Le mouvement allait jusqu\u2019\u00e0 demander si l\u2019Espagne devait conserver sur son territoire une \u00ab potentielle cinqui\u00e8me colonne \u00bb d\u2019un \u00e9ventuel ennemi en cas de conflit arm\u00e9. Le Maroc y \u00e9tait d\u00e9sign\u00e9 comme \u00ab l\u2019ennemi du Sud \u00bb, tandis que Ceuta, Melilla et les Canaries \u00e9taient pr\u00e9sent\u00e9es comme des territoires espagnols dont la d\u00e9fense devait \u00eatre renforc\u00e9e.<\/p>\n<p style=\"text-align: justify;\">Ce glissement est important. Une crise migratoire, aussi grave soit-elle, peut \u00eatre discut\u00e9e en termes de s\u00e9curit\u00e9, de contr\u00f4le des fronti\u00e8res, de responsabilit\u00e9 gouvernementale ou de coop\u00e9ration bilat\u00e9rale. Mais lorsque la crise sert \u00e0 d\u00e9placer le regard vers des centaines de milliers de personnes en fonction de leur origine nationale, on change de registre. La question n\u2019est plus seulement celle de Ceuta ou de la fronti\u00e8re : elle devient celle de la place accord\u00e9e aux Marocains dans la soci\u00e9t\u00e9 espagnole et, plus largement, de la mani\u00e8re dont un courant politique tente de transformer une population en suspect collectif.<\/p>\n<p style=\"text-align: justify;\">Les chiffres donnent \u00e0 cette rh\u00e9torique une port\u00e9e que l\u2019on ne peut pas ignorer. Selon l\u2019Institut national de statistique espagnol, les citoyens marocains constituaient, au 1er janvier 2025, la premi\u00e8re nationalit\u00e9 \u00e9trang\u00e8re en Espagne, avec pr\u00e8s de 969 000 personnes, soit environ 14 % de l\u2019ensemble des ressortissants \u00e9trangers. \u00c0 cela s\u2019ajoutent les personnes n\u00e9es au Maroc qui poss\u00e8dent d\u00e9sormais la nationalit\u00e9 espagnole. Il ne s\u2019agit donc pas d\u2019une population marginale ou passag\u00e8re : les Marocains et les Espagnols d\u2019origine marocaine font partie depuis longtemps de la r\u00e9alit\u00e9 sociale, \u00e9conomique et humaine de l\u2019Espagne.<\/p>\n<p style=\"text-align: justify;\">C\u2019est justement pour cette raison que l\u2019expression \u00ab cinqui\u00e8me colonne \u00bb est particuli\u00e8rement lourde de cons\u00e9quences. Elle ne d\u00e9signe pas simplement une immigration consid\u00e9r\u00e9e comme probl\u00e9matique ; elle sugg\u00e8re une loyaut\u00e9 douteuse, une pr\u00e9sence potentiellement hostile et une menace int\u00e9rieure li\u00e9e \u00e0 l\u2019origine nationale. Or, le gouvernement espagnol lui-m\u00eame reconnaissait encore r\u00e9cemment l\u2019importance de cette communaut\u00e9 et convenait avec le Maroc d\u2019une strat\u00e9gie commune contre les discours de haine. Le contraste entre cette approche institutionnelle et la rh\u00e9torique de Democracia Nacional est difficile \u00e0 ne pas relever.<\/p>\n<p style=\"text-align: justify;\">Il faut \u00e9galement distinguer Democracia Nacional de l\u2019Espagne dans son ensemble. Le discours de ce mouvement ne peut pas \u00eatre pr\u00e9sent\u00e9 comme celui de l\u2019\u00c9tat espagnol ni comme celui de l\u2019ensemble de la soci\u00e9t\u00e9 espagnole. L\u2019Espagne et le Maroc disposent depuis des d\u00e9cennies d\u2019un cadre officiel de coop\u00e9ration et de bon voisinage. Les relations bilat\u00e9rales se sont m\u00eame profond\u00e9ment d\u00e9velopp\u00e9es ces derni\u00e8res ann\u00e9es, notamment dans les domaines \u00e9conomique, s\u00e9curitaire, judiciaire et migratoire. Madrid et Rabat travaillent \u00e9galement ensemble dans la pr\u00e9paration de la Coupe du monde 2030.<\/p>\n<p style=\"text-align: justify;\">C\u2019est pr\u00e9cis\u00e9ment cette r\u00e9alit\u00e9 qui rend la rh\u00e9torique extr\u00e9miste politiquement plus pr\u00e9occupante. D\u2019un c\u00f4t\u00e9, les deux \u00c9tats construisent des m\u00e9canismes de coop\u00e9ration parce que leurs int\u00e9r\u00eats sont profond\u00e9ment imbriqu\u00e9s ; de l\u2019autre, certains groupes cherchent \u00e0 pr\u00e9senter le voisin du Sud comme un ennemi permanent et les Marocains pr\u00e9sents en Espagne comme une menace potentielle. Il y a l\u00e0 deux visions qui ne peuvent pas \u00eatre confondues.<\/p>\n<p style=\"text-align: justify;\">La crise de Ceuta a fourni \u00e0 cette mouvance un terrain particuli\u00e8rement favorable. Des rassemblements ont \u00e9t\u00e9 appel\u00e9s dans plusieurs villes espagnoles le 2 septembre, avec des slogans contre le Maroc et des revendications de \u00ab d\u00e9portations massives \u00bb et de \u00ab remigration \u00bb. D\u2019autres groupes de l\u2019extr\u00eame droite espagnole ont \u00e9galement tent\u00e9 de s\u2019emparer politiquement de la crise. Mais dans le m\u00eame temps, des milliers de citoyens ont manifest\u00e9 \u00e0 Ceuta dans un cadre largement pacifique, r\u00e9clamant des r\u00e9ponses \u00e0 une situation migratoire devenue exceptionnelle. La soci\u00e9t\u00e9 espagnole ne peut donc pas \u00eatre r\u00e9duite aux slogans de ses formations les plus radicales.<\/p>\n<p style=\"text-align: justify;\">Et surtout, Madrid elle-m\u00eame n\u2019a pas confirm\u00e9 les accusations les plus graves formul\u00e9es contre Rabat. Le 3 septembre, le pr\u00e9sident du gouvernement espagnol, Pedro S\u00e1nchez, a d\u00e9clar\u00e9 devant le Congr\u00e8s qu\u2019il ne disposait pas de preuves permettant d\u2019affirmer que le gouvernement marocain avait planifi\u00e9 ou ex\u00e9cut\u00e9 l\u2019entr\u00e9e massive \u00e0 Ceuta. Il a reconnu que la gendarmerie marocaine avait laiss\u00e9 passer des personnes pendant plusieurs heures, mais a maintenu la distinction entre ce fait et l\u2019existence d\u2019une d\u00e9cision gouvernementale marocaine visant \u00e0 organiser l\u2019op\u00e9ration.<\/p>\n<p style=\"text-align: justify;\">Cette nuance est essentielle. Elle signifie que m\u00eame au c\u0153ur d\u2019une crise extr\u00eamement grave, les institutions espagnoles distinguent encore entre ce qui est \u00e9tabli, ce qui est soup\u00e7onn\u00e9 et ce qui reste \u00e0 d\u00e9montrer. C\u2019est pr\u00e9cis\u00e9ment cette discipline que les discours les plus radicaux abandonnent lorsqu\u2019ils transforment une crise complexe en r\u00e9cit d\u2019invasion, puis l\u2019invasion en accusation collective contre une communaut\u00e9 nationale.<\/p>\n<p style=\"text-align: justify;\">Il existe enfin une autre question, celle du droit. L\u2019article 510 du Code p\u00e9nal espagnol sanctionne, dans certaines circonstances, la promotion ou l\u2019incitation publique \u00e0 la haine, \u00e0 l\u2019hostilit\u00e9, \u00e0 la discrimination ou \u00e0 la violence contre des groupes en raison notamment de leur origine nationale, ethnique ou raciale. Cela ne signifie pas que les d\u00e9clarations de Democracia Nacional constituent automatiquement une infraction : seule l\u2019autorit\u00e9 judiciaire peut en d\u00e9cider dans un cas concret. Mais la r\u00e9p\u00e9tition publique de discours pr\u00e9sentant une communaut\u00e9 nationale comme une \u00ab cinqui\u00e8me colonne \u00bb ou appelant \u00e0 son expulsion massive est suffisamment s\u00e9rieuse pour poser une question juridique et politique qui ne devrait pas \u00eatre balay\u00e9e d\u2019un revers de main.<\/p>\n<p style=\"text-align: justify;\">Le Maroc, pour sa part, n\u2019a aucun int\u00e9r\u00eat \u00e0 transformer cette provocation en confrontation avec l\u2019Espagne. Les relations entre les deux pays sont trop importantes, et leurs soci\u00e9t\u00e9s trop li\u00e9es, pour que les slogans d\u2019un mouvement extr\u00e9miste dictent la politique des \u00c9tats. Mais cela ne signifie pas que l\u2019on doive banaliser l\u2019humiliation du drapeau marocain, ni accepter que les Marocains vivant en Espagne soient progressivement install\u00e9s dans le r\u00f4le d\u2019un suspect collectif.<\/p>\n<p style=\"text-align: justify;\">La m\u00e9moire marocaine est longue, et elle sait faire la diff\u00e9rence entre un d\u00e9saccord diplomatique, une crise politique et une atteinte \u00e0 la dignit\u00e9 nationale. L\u2019histoire des relations entre les deux rives du d\u00e9troit a connu suffisamment de p\u00e9riodes de tension pour savoir o\u00f9 peuvent conduire les mots lorsqu\u2019ils cessent d\u2019\u00eatre de simples slogans. Aujourd\u2019hui, la r\u00e9ponse la plus forte n\u2019est pas celle de l\u2019escalade, mais celle de la clart\u00e9 : le Maroc peut continuer \u00e0 coop\u00e9rer avec l\u2019Espagne, d\u00e9fendre ses int\u00e9r\u00eats et pr\u00e9server le dialogue, tout en refusant fermement qu\u2019une communaut\u00e9 enti\u00e8re soit transform\u00e9e en \u00ab ennemi int\u00e9rieur \u00bb.<\/p>\n<p style=\"text-align: justify;\">Car le v\u00e9ritable danger ne r\u00e9side pas seulement dans un drapeau d\u00e9chir\u00e9. Il r\u00e9side dans le moment o\u00f9 l\u2019on commence \u00e0 consid\u00e9rer que les hommes et les femmes qui portent ce drapeau dans leur histoire familiale doivent, eux aussi, \u00eatre regard\u00e9s comme une menace.<\/p>\n","protected":false},"excerpt":{"rendered":"<p>Quand le drapeau marocain est d\u00e9chir\u00e9 en Espagne : de la crise de Ceuta \u00e0 la stigmatisation des Marocains comme \u00ab cinqui\u00e8me colonne \u00bb Ce qui s\u2019est pass\u00e9 en Espagne d\u00e9passe d\u00e9sormais la seule crise de Ceuta. Lorsque des responsables de Democracia Nacional ont d\u00e9chir\u00e9 symboliquement le drapeau marocain en signe de protestation contre le [&hellip;]<\/p>\n","protected":false},"author":3,"featured_media":2945,"comment_status":"open","ping_status":"open","sticky":false,"template":"","format":"standard","meta":{"footnotes":""},"categories":[40,32,36,25,49,29],"tags":[],"class_list":["post-2944","post","type-post","status-publish","format-standard","has-post-thumbnail","category-afrique-m-o","category-amerique","category-asie","category-europ","category-le-maghreb","category-moyen-orient"],"_links":{"self":[{"href":"https:\/\/diplomatique.ma\/fr\/wp-json\/wp\/v2\/posts\/2944","targetHints":{"allow":["GET"]}}],"collection":[{"href":"https:\/\/diplomatique.ma\/fr\/wp-json\/wp\/v2\/posts"}],"about":[{"href":"https:\/\/diplomatique.ma\/fr\/wp-json\/wp\/v2\/types\/post"}],"author":[{"embeddable":true,"href":"https:\/\/diplomatique.ma\/fr\/wp-json\/wp\/v2\/users\/3"}],"replies":[{"embeddable":true,"href":"https:\/\/diplomatique.ma\/fr\/wp-json\/wp\/v2\/comments?post=2944"}],"version-history":[{"count":1,"href":"https:\/\/diplomatique.ma\/fr\/wp-json\/wp\/v2\/posts\/2944\/revisions"}],"predecessor-version":[{"id":2946,"href":"https:\/\/diplomatique.ma\/fr\/wp-json\/wp\/v2\/posts\/2944\/revisions\/2946"}],"wp:featuredmedia":[{"embeddable":true,"href":"https:\/\/diplomatique.ma\/fr\/wp-json\/wp\/v2\/media\/2945"}],"wp:attachment":[{"href":"https:\/\/diplomatique.ma\/fr\/wp-json\/wp\/v2\/media?parent=2944"}],"wp:term":[{"taxonomy":"category","embeddable":true,"href":"https:\/\/diplomatique.ma\/fr\/wp-json\/wp\/v2\/categories?post=2944"},{"taxonomy":"post_tag","embeddable":true,"href":"https:\/\/diplomatique.ma\/fr\/wp-json\/wp\/v2\/tags?post=2944"}],"curies":[{"name":"wp","href":"https:\/\/api.w.org\/{rel}","templated":true}]}}