{"id":2950,"date":"2026-09-05T11:00:52","date_gmt":"2026-09-05T11:00:52","guid":{"rendered":"https:\/\/diplomatique.ma\/fr\/?p=2950"},"modified":"2026-09-05T13:04:27","modified_gmt":"2026-09-05T13:04:27","slug":"de-lalgerie-a-madrid-tebboune-sur-les-traces-de-sanchez-apres-des-annees-de-rupture","status":"publish","type":"post","link":"https:\/\/diplomatique.ma\/fr\/de-lalgerie-a-madrid-tebboune-sur-les-traces-de-sanchez-apres-des-annees-de-rupture\/","title":{"rendered":"De l\u2019Alg\u00e9rie \u00e0 Madrid : Tebboune sur les traces de S\u00e1nchez apr\u00e8s des ann\u00e9es de rupture"},"content":{"rendered":"<p class=\"isSelectedEnd\" style=\"text-align: justify;\">Apr\u00e8s plusieurs ann\u00e9es de tensions politiques, l\u2019Alg\u00e9rie et l\u2019Espagne semblent reprendre le chemin du dialogue. Le pr\u00e9sident alg\u00e9rien Abdelmadjid Tebboune se pr\u00e9pare, selon <em>Africa Intelligence<\/em>, \u00e0 effectuer une visite officielle \u00e0 Madrid en octobre prochain. Les \u00e9quipes de Tebboune et du chef du gouvernement espagnol Pedro S\u00e1nchez seraient actuellement engag\u00e9es dans des discussions pour arr\u00eater la date d\u00e9finitive de la visite et en pr\u00e9ciser l\u2019agenda.<\/p>\n<p class=\"isSelectedEnd\" style=\"text-align: justify;\">Ce n\u2019est pas, dans le contexte actuel, une simple visite protocolaire. Il y a encore peu de temps, Alger et Madrid traversaient l\u2019une des p\u00e9riodes les plus difficiles de leur relation r\u00e9cente. La d\u00e9cision du gouvernement espagnol de soutenir le plan marocain d\u2019autonomie pour le Sahara marocain avait provoqu\u00e9 une r\u00e9action particuli\u00e8rement vive de la part de l\u2019Alg\u00e9rie.<\/p>\n<p class=\"isSelectedEnd\" style=\"text-align: justify;\">La crise avait d\u00e9pass\u00e9 le cadre d\u2019un d\u00e9saccord diplomatique classique. Alger avait rappel\u00e9 son ambassadeur \u00e0 Madrid et suspendu les m\u00e9canismes de coop\u00e9ration politique. Les relations commerciales avaient \u00e9galement \u00e9t\u00e9 affect\u00e9es, donnant \u00e0 la crise une dimension qui d\u00e9passait largement la seule question du positionnement espagnol sur le dossier du Sahara marocain.<\/p>\n<p class=\"isSelectedEnd\" style=\"text-align: justify;\">Aujourd\u2019hui, le mouvement s\u2019effectue dans l\u2019autre sens.<\/p>\n<p class=\"isSelectedEnd\" style=\"text-align: justify;\">La visite de Pedro S\u00e1nchez en Alg\u00e9rie, le 20 juillet dernier, a constitu\u00e9 l\u2019un des signes les plus visibles de cette reprise des contacts. Si la visite de Tebboune \u00e0 Madrid se confirme en octobre, elle en serait la suite logique au plus haut niveau politique.<\/p>\n<p class=\"isSelectedEnd\" style=\"text-align: justify;\">Mais reprendre le dialogue ne signifie pas n\u00e9cessairement que les d\u00e9saccords \u00e0 l\u2019origine de la crise ont disparu.<\/p>\n<p class=\"isSelectedEnd\" style=\"text-align: justify;\">La position espagnole sur le Sahara marocain reste un \u00e9l\u00e9ment essentiel pour comprendre cette nouvelle phase. Madrid n\u2019est pas revenu, \u00e0 ce stade, au positionnement qui pr\u00e9c\u00e9dait la d\u00e9cision de S\u00e1nchez. La dynamique actuelle semble donc davantage correspondre \u00e0 une volont\u00e9 de r\u00e9tablir une relation fonctionnelle malgr\u00e9 les divergences qu\u2019\u00e0 une r\u00e9conciliation fond\u00e9e sur un r\u00e8glement de celles-ci.<\/p>\n<p class=\"isSelectedEnd\" style=\"text-align: justify;\">Les dossiers susceptibles d\u2019occuper les discussions donnent d\u2019ailleurs une indication de cette logique. L\u2019\u00e9nergie figure parmi les sujets importants, tout comme la migration, la s\u00e9curit\u00e9, les investissements et les relations \u00e9conomiques.<\/p>\n<p class=\"isSelectedEnd\" style=\"text-align: justify;\">Ce sont pr\u00e9cis\u00e9ment les domaines dans lesquels une rupture politique prolong\u00e9e devient difficile \u00e0 maintenir.<\/p>\n<p class=\"isSelectedEnd\" style=\"text-align: justify;\">Les questions migratoires continuent de n\u00e9cessiter une coop\u00e9ration entre les deux rives de la M\u00e9diterran\u00e9e. Les enjeux \u00e9nerg\u00e9tiques ont leur propre logique. Et les relations \u00e9conomiques ne disparaissent pas simplement parce que les gouvernements traversent une p\u00e9riode de d\u00e9saccord.<\/p>\n<p class=\"isSelectedEnd\" style=\"text-align: justify;\">Le calendrier des visites est \u00e9galement r\u00e9v\u00e9lateur.<\/p>\n<p class=\"isSelectedEnd\" style=\"text-align: justify;\">S\u00e1nchez s\u2019est rendu \u00e0 Alger avant que Tebboune ne soit attendu \u00e0 Madrid. Le processus ne semble donc pas limit\u00e9 \u00e0 la r\u00e9activation de contacts diplomatiques ou techniques. Les deux capitales cherchent d\u00e9sormais \u00e0 r\u00e9installer un dialogue politique direct au plus haut niveau.<\/p>\n<p class=\"isSelectedEnd\" style=\"text-align: justify;\">Reste \u00e0 savoir ce que produira concr\u00e8tement cette s\u00e9quence.<\/p>\n<p class=\"isSelectedEnd\" style=\"text-align: justify;\">La date de la visite, son programme et surtout les \u00e9ventuels accords qui pourraient en d\u00e9couler permettront de mesurer sa port\u00e9e r\u00e9elle. Une rencontre au sommet peut r\u00e9tablir le dialogue ; elle ne suffit pas, \u00e0 elle seule, \u00e0 effacer les traces d\u2019une crise.<\/p>\n<p class=\"isSelectedEnd\" style=\"text-align: justify;\">L\u2019Alg\u00e9rie et l\u2019Espagne disposent d\u2019un long h\u00e9ritage de coop\u00e9ration et d\u2019int\u00e9r\u00eats communs. Mais elles sortent \u00e9galement d\u2019une p\u00e9riode o\u00f9 un d\u00e9saccord politique s\u2019est rapidement propag\u00e9 \u00e0 d\u2019autres secteurs de la relation bilat\u00e9rale.<\/p>\n<p class=\"isSelectedEnd\" style=\"text-align: justify;\">C\u2019est pourquoi il serait pr\u00e9matur\u00e9 de parler d\u2019un simple retour \u00e0 la situation ant\u00e9rieure \u00e0 la crise. Ce qui se dessine ressemble davantage \u00e0 une tentative de r\u00e9organiser la relation autour des int\u00e9r\u00eats que les deux pays continuent de partager, tout en maintenant leurs divergences sur certains dossiers.<\/p>\n<p class=\"isSelectedEnd\" style=\"text-align: justify;\">Le Sahara marocain restera, m\u00eame en dehors de l\u2019agenda officiel, l\u2019un de ces dossiers.<\/p>\n<p class=\"isSelectedEnd\" style=\"text-align: justify;\">Il a largement contribu\u00e9 \u00e0 la d\u00e9t\u00e9rioration des relations et rien, dans les \u00e9l\u00e9ments disponibles \u00e0 ce stade, ne permet d\u2019affirmer que Madrid pr\u00e9pare un changement de position sur cette question.<\/p>\n<p class=\"isSelectedEnd\" style=\"text-align: justify;\">La v\u00e9ritable port\u00e9e de la visite de Tebboune se mesurera donc moins aux images de la rencontre qu\u2019\u00e0 ce qui sera d\u00e9cid\u00e9 autour de la table.<\/p>\n<p class=\"isSelectedEnd\" style=\"text-align: justify;\">Pour l\u2019instant, une chose est \u00e9tablie : Madrid et Alger ont choisi de remettre leurs relations en mouvement. S\u00e1nchez est all\u00e9 \u00e0 Alger. Tebboune pourrait bient\u00f4t se rendre \u00e0 Madrid. Les dossiers communs reviennent au centre des discussions.<\/p>\n<p style=\"text-align: justify;\">La suite dira si cette reprise des contacts d\u00e9bouche sur une relation durablement stabilis\u00e9e ou si elle constitue seulement une nouvelle mani\u00e8re de g\u00e9rer une divergence qui, elle, n\u2019a pas disparu.<\/p>\n","protected":false},"excerpt":{"rendered":"<p>Apr\u00e8s plusieurs ann\u00e9es de tensions politiques, l\u2019Alg\u00e9rie et l\u2019Espagne semblent reprendre le chemin du dialogue. Le pr\u00e9sident alg\u00e9rien Abdelmadjid Tebboune se pr\u00e9pare, selon Africa Intelligence, \u00e0 effectuer une visite officielle \u00e0 Madrid en octobre prochain. Les \u00e9quipes de Tebboune et du chef du gouvernement espagnol Pedro S\u00e1nchez seraient actuellement engag\u00e9es dans des discussions pour arr\u00eater [&hellip;]<\/p>\n","protected":false},"author":3,"featured_media":2951,"comment_status":"open","ping_status":"open","sticky":false,"template":"","format":"standard","meta":{"footnotes":""},"categories":[28,40,25,49],"tags":[],"class_list":["post-2950","post","type-post","status-publish","format-standard","has-post-thumbnail","category-afrique","category-afrique-m-o","category-europ","category-le-maghreb"],"_links":{"self":[{"href":"https:\/\/diplomatique.ma\/fr\/wp-json\/wp\/v2\/posts\/2950","targetHints":{"allow":["GET"]}}],"collection":[{"href":"https:\/\/diplomatique.ma\/fr\/wp-json\/wp\/v2\/posts"}],"about":[{"href":"https:\/\/diplomatique.ma\/fr\/wp-json\/wp\/v2\/types\/post"}],"author":[{"embeddable":true,"href":"https:\/\/diplomatique.ma\/fr\/wp-json\/wp\/v2\/users\/3"}],"replies":[{"embeddable":true,"href":"https:\/\/diplomatique.ma\/fr\/wp-json\/wp\/v2\/comments?post=2950"}],"version-history":[{"count":1,"href":"https:\/\/diplomatique.ma\/fr\/wp-json\/wp\/v2\/posts\/2950\/revisions"}],"predecessor-version":[{"id":2952,"href":"https:\/\/diplomatique.ma\/fr\/wp-json\/wp\/v2\/posts\/2950\/revisions\/2952"}],"wp:featuredmedia":[{"embeddable":true,"href":"https:\/\/diplomatique.ma\/fr\/wp-json\/wp\/v2\/media\/2951"}],"wp:attachment":[{"href":"https:\/\/diplomatique.ma\/fr\/wp-json\/wp\/v2\/media?parent=2950"}],"wp:term":[{"taxonomy":"category","embeddable":true,"href":"https:\/\/diplomatique.ma\/fr\/wp-json\/wp\/v2\/categories?post=2950"},{"taxonomy":"post_tag","embeddable":true,"href":"https:\/\/diplomatique.ma\/fr\/wp-json\/wp\/v2\/tags?post=2950"}],"curies":[{"name":"wp","href":"https:\/\/api.w.org\/{rel}","templated":true}]}}