{"id":2953,"date":"2026-09-05T01:08:37","date_gmt":"2026-09-05T01:08:37","guid":{"rendered":"https:\/\/diplomatique.ma\/fr\/?p=2953"},"modified":"2026-09-05T13:13:21","modified_gmt":"2026-09-05T13:13:21","slug":"ceuta-melilla-et-les-malouines-le-maroc-et-largentine-rouvrent-le-dossier-de-la-souverainete-face-a-lespagne-et-au-royaume-uni","status":"publish","type":"post","link":"https:\/\/diplomatique.ma\/fr\/ceuta-melilla-et-les-malouines-le-maroc-et-largentine-rouvrent-le-dossier-de-la-souverainete-face-a-lespagne-et-au-royaume-uni\/","title":{"rendered":"Ceuta, Melilla et les Malouines\u2026 le Maroc et l\u2019Argentine rouvrent le dossier de la souverainet\u00e9 face \u00e0 l\u2019Espagne et au Royaume-Uni"},"content":{"rendered":"<p class=\"isSelectedEnd\" style=\"text-align: justify;\">Javier Milei n\u2019a pas eu besoin, jeudi soir, d\u2019ouvrir un nouveau dossier avec le Royaume-Uni. Le dossier est ancien, et la guerre autour des \u00eeles Malouines s\u2019est achev\u00e9e il y a 44 ans. Ce qui est nouveau, c\u2019est la mani\u00e8re dont le pr\u00e9sident argentin a choisi de remettre la question sur la table : sanctions contre des compagnies p\u00e9troli\u00e8res, projet de loi devant le Congr\u00e8s, durcissement des instruments juridiques et renforcement des capacit\u00e9s militaires dans l\u2019extr\u00eame sud du pays.<\/p>\n<h4 style=\"text-align: justify;\">Dans une allocution t\u00e9l\u00e9vis\u00e9e, Milei a annonc\u00e9 qu\u2019il signerait un d\u00e9cret visant \u00e0 acc\u00e9l\u00e9rer les sanctions contre les entreprises participant \u00e0 des projets p\u00e9troliers et gaziers dans les \u00eeles et les eaux que Buenos Aires consid\u00e8re comme relevant de sa souverainet\u00e9. Il entend \u00e9galement \u00e9largir le champ des sanctions aux actionnaires, aux dirigeants et aux fournisseurs. Le projet <strong>Sea Lion<\/strong>, d\u00e9velopp\u00e9 notamment par la britannique Rockhopper Exploration et l\u2019isra\u00e9lienne Navitas Petroleum, est particuli\u00e8rement vis\u00e9.<\/h4>\n<blockquote class=\"twitter-tweet\" data-width=\"550\" data-dnt=\"true\">\n<p lang=\"ar\" dir=\"rtl\">\u0628\u0639\u062f \u062a\u062c\u062f\u064a\u062f \u0627\u0644\u0645\u063a\u0631\u0628 \u0645\u0637\u0627\u0644\u0628\u062a\u0647 \u0628\u0627\u0633\u062a\u0639\u0627\u062f\u0629 \u0633\u0628\u062a\u0629 \u0648\u0645\u0644\u064a\u0644\u064a\u0629\u060c\u0627\u0644\u0623\u0631\u062c\u0646\u062a\u064a\u0646 \u062a\u062c\u062f\u062f \u0645\u0637\u0627\u0644\u0628\u062a\u0647\u0627 \u0628\u0645\u0627\u0644\u0641\u064a\u0646\u0627\u0633<\/p>\n<p>\u0645\u064a\u0644\u064e\u064a \u064a\u0639\u0644\u0646 \u0639\u0642\u0648\u0628\u0627\u062a \u0639\u0644\u0649 \u0634\u0631\u0643\u0627\u062a \u0627\u0644\u0646\u0641\u0637 \u0627\u0644\u0639\u0627\u0645\u0644\u0629 \u0641\u064a \u0627\u0644\u062c\u0632\u0631 \u062f\u0648\u0646 \u0645\u0648\u0627\u0641\u0642\u0629 \u0628\u0648\u064a\u0646\u0633 \u0622\u064a\u0631\u0633\u060c\u0648\u064a\u062f\u0641\u0639 \u0646\u062d\u0648 \u062a\u0639\u0632\u064a\u0632 \u0627\u0644\u0648\u062c\u0648\u062f \u0627\u0644\u0628\u062d\u0631\u064a \u0627\u0644\u0623\u0631\u062c\u0646\u062a\u064a\u0646\u064a \u0641\u064a \u062a\u064a\u064a\u0631\u0627 \u062f\u064a\u0644 \u0641\u0648\u064a\u063a\u0648<\/p>\n<p>\u0645\u0627 \u062a\u0637\u0627\u0644\u0628 \u0628\u0647 \u0627\u0644\u0623\u0631\u062c\u0646\u062a\u064a\u0646 \u0645\u0646 \u0628\u0631\u064a\u0637\u0627\u0646\u064a\u0627 \u064a\u0637\u0627\u0644\u0628 \u0628\u0647 \u0627\u0644\u0645\u063a\u0631\u0628 \u0645\u0646 \u0625\u0633\u0628\u0627\u0646\u064a\u0627 <a href=\"https:\/\/t.co\/kf8V1F4g3L\">pic.twitter.com\/kf8V1F4g3L<\/a><\/p>\n<p>&mdash; Diplomatique.ma \u0627\u0644\u062f\u0628\u0644\u0648\u0645\u0627\u0633\u064a\u0629 (@diplomatique_ma) <a href=\"https:\/\/x.com\/diplomatique_ma\/status\/2095943921092223148?ref_src=twsrc%5Etfw\">September 4, 2026<\/a><\/p><\/blockquote>\n<p><script async src=\"https:\/\/platform.x.com\/widgets.js\" charset=\"utf-8\"><\/script><\/p>\n<h4 style=\"text-align: justify;\">Mais l\u2019annonce ne s\u2019est pas limit\u00e9e au p\u00e9trole.<\/h4>\n<h4 style=\"text-align: justify;\">Le pr\u00e9sident argentin a \u00e9voqu\u00e9 une augmentation des ressources du minist\u00e8re de la D\u00e9fense, la construction d\u2019une base navale en Terre de Feu et un nouveau projet de loi destin\u00e9 \u00e0 renforcer ce que son gouvernement appelle la protection de la souverainet\u00e9 nationale. Autrement dit, la question des \u00eeles est sortie, au moins provisoirement, du seul cadre des d\u00e9clarations diplomatiques pour devenir un ensemble de mesures qui s\u2019\u00e9tendent de l\u2019\u00e9conomie et du droit \u00e0 la d\u00e9fense.<\/h4>\n<h4 style=\"text-align: justify;\">C\u2019est ici que la comparaison avec ce qui se passe autour de Ceuta, Melilla et des \u00eeles m\u00e9diterran\u00e9ennes marocaines devient possible, mais dans ses justes limites.<\/h4>\n<h4 style=\"text-align: justify;\">Le Maroc a remis ces derni\u00e8res semaines le dossier de Ceuta et Melilla au premier plan du d\u00e9bat politique, avec des responsables marocains r\u00e9affirmant ce qu\u2019ils consid\u00e8rent comme les droits historiques et g\u00e9ographiques du Royaume et proposant un m\u00e9canisme de dialogue sur l\u2019avenir des deux villes. Madrid a r\u00e9pondu en r\u00e9affirmant sa souverainet\u00e9 et en refusant toute n\u00e9gociation \u00e0 leur sujet.<\/h4>\n<h4 style=\"text-align: justify;\">Mais Rabat n\u2019a pas annonc\u00e9, dans ce dossier, de mesure comparable \u00e0 la nouvelle offensive argentine contre les entreprises op\u00e9rant dans les ressources naturelles des territoires contest\u00e9s. Placer les deux situations dans la m\u00eame cat\u00e9gorie serait donc une simplification inexacte.<\/h4>\n<h4 style=\"text-align: justify;\">Ce qui les rapproche est ailleurs : <strong>la persistance des anciens dossiers de souverainet\u00e9, qui reviennent \u00e0 la surface lorsque l\u2019environnement international qui les entoure \u00e9volue.<\/strong><\/h4>\n<h4 style=\"text-align: justify;\">En Argentine, un facteur direct est cette fois entr\u00e9 en jeu : le p\u00e9trole.<\/h4>\n<h4 style=\"text-align: justify;\">Le projet Sea Lion n\u2019est pas une simple activit\u00e9 \u00e9conomique ponctuelle. Les entreprises concern\u00e9es se pr\u00e9parent \u00e0 forer, tandis que les estimations font \u00e9tat de r\u00e9serves importantes dans la zone. Selon Reuters, le projet est devenu le principal point de focalisation de l\u2019escalade argentine, alors que les entreprises affirment ne pas s\u2019attendre \u00e0 ce que les nouvelles mesures aient un impact significatif sur le calendrier du projet.<\/h4>\n<h4 style=\"text-align: justify;\">C\u2019est pourquoi Milei a parl\u00e9 de l\u2019utilisation d\u2019instruments diplomatiques, \u00e9conomiques, judiciaires et juridiques, et pas seulement d\u2019une r\u00e9affirmation de la revendication de souverainet\u00e9.<\/h4>\n<h4 style=\"text-align: justify;\">\u00c0 ce stade, son discours ne contient aucune indication d\u2019une action militaire visant \u00e0 reprendre les \u00eeles. C\u2019est important, notamment parce que la m\u00e9moire de la guerre de 1982 reste tr\u00e8s pr\u00e9sente dans les relations entre les deux pays. De son c\u00f4t\u00e9, le Royaume-Uni a r\u00e9affirm\u00e9 sa position constante et lie sa souverainet\u00e9 \u00e0 la volont\u00e9 des habitants des \u00eeles, en s\u2019appuyant \u00e9galement sur le r\u00e9f\u00e9rendum de 2013, au cours duquel une \u00e9crasante majorit\u00e9 des habitants a vot\u00e9 pour rester sous souverainet\u00e9 britannique.<\/h4>\n<h4 style=\"text-align: justify;\">Milei rejette cet argument et consid\u00e8re que, du point de vue argentin, les habitants des \u00eeles ne disposent pas d\u2019un droit ind\u00e9pendant \u00e0 l\u2019autod\u00e9termination du territoire. Londres, \u00e0 l\u2019inverse, consid\u00e8re que la volont\u00e9 des habitants constitue un \u00e9l\u00e9ment essentiel de sa position.<\/h4>\n<h4 style=\"text-align: justify;\">C\u2019est l\u2019un des \u00e9l\u00e9ments qui rendent le dossier des Malouines particuli\u00e8rement complexe et qui emp\u00eachent de le transposer simplement au cas marocain.<\/h4>\n<h4 style=\"text-align: justify;\">Mais un autre d\u00e9tail est peut-\u00eatre encore plus important que le discours lui-m\u00eame.<\/h4>\n<h4 style=\"text-align: justify;\">Quelques jours auparavant, le pr\u00e9sident am\u00e9ricain Donald Trump avait \u00e9t\u00e9 interrog\u00e9 sur la position de Washington concernant les Malouines. Il avait r\u00e9pondu qu\u2019il r\u00e9examinait constamment les positions des \u00c9tats-Unis. Il ne s\u2019agissait pas d\u2019une annonce de changement de la politique am\u00e9ricaine et Washington n\u2019a pas d\u00e9clar\u00e9 reconna\u00eetre la position argentine. Mais Milei a interpr\u00e9t\u00e9 cette d\u00e9claration comme le signe d\u2019une possible \u00e9volution de l\u2019environnement international entourant le conflit.<\/h4>\n<h4 style=\"text-align: justify;\">C\u2019est cet \u00e9l\u00e9ment qui a accru l\u2019int\u00e9r\u00eat port\u00e9 au dossier.<\/h4>\n<h4 style=\"text-align: justify;\">Car les vieux conflits territoriaux ne se remettent pas toujours en mouvement parce que l\u2019un de leurs protagonistes aurait soudain d\u00e9couvert un nouvel argument. Ils bougent parfois parce que l\u2019\u00e9quilibre des relations entre les grandes puissances commence \u00e0 cr\u00e9er de nouvelles marges de man\u0153uvre.<\/h4>\n<h4 style=\"text-align: justify;\">Milei le sait parfaitement. C\u2019est pourquoi il a li\u00e9 son discours \u00e0 sa relation avec Washington et pr\u00e9sent\u00e9 l\u2019Argentine comme un partenaire strat\u00e9gique fiable des \u00c9tats-Unis. Londres, de son c\u00f4t\u00e9, n\u2019a pas tard\u00e9 \u00e0 r\u00e9pondre, r\u00e9affirmant que son engagement envers les \u00eeles \u00e9tait \u00ab ferme et in\u00e9branlable \u00bb.<\/h4>\n<h4 style=\"text-align: justify;\">La question n\u2019est donc pas seulement celle de l\u2019Argentine face au Royaume-Uni.<\/h4>\n<h4 style=\"text-align: justify;\">Il y a les \u00c9tats-Unis, il y a le p\u00e9trole, il y a l\u2019Atlantique Sud, et il y a aussi les calculs politiques internes argentins.<\/h4>\n<h4 style=\"text-align: justify;\">Selon plusieurs informations de presse, cette escalade intervient alors que Milei fait face \u00e0 des pressions politiques et \u00e9conomiques ainsi qu\u2019\u00e0 une baisse de popularit\u00e9. La question des Malouines \u2014 ou Malvinas, comme les appelle l\u2019Argentine \u2014 reste l\u2019un des rares dossiers capables de rassembler de larges secteurs de la soci\u00e9t\u00e9 argentine autour d\u2019un m\u00eame discours.<\/h4>\n<h4 style=\"text-align: justify;\">Cela ne signifie pas que la revendication argentine soit artificielle ou qu\u2019elle soit n\u00e9e de consid\u00e9rations \u00e9lectorales. Le conflit est bien ant\u00e9rieur \u00e0 Milei et la revendication de souverainet\u00e9 constitue un \u00e9l\u00e9ment permanent de la politique argentine. Mais le moment choisi pour la relancer, ainsi que la mani\u00e8re dont elle est utilis\u00e9e, ne peuvent \u00eatre s\u00e9par\u00e9s des circonstances dans lesquelles le gouvernement agit aujourd\u2019hui.<\/h4>\n<h4 style=\"text-align: justify;\">C\u2019est pr\u00e9cis\u00e9ment sous cet angle que le dossier de Ceuta et Melilla revient dans le tableau.<\/h4>\n<h4 style=\"text-align: justify;\">Lorsque Rabat r\u00e9affirme que les deux villes et les \u00eeles m\u00e9diterran\u00e9ennes font partie de son dossier de souverainet\u00e9, cela ne signifie pas que la trajectoire marocaine sera une copie de celle de l\u2019Argentine. Les diff\u00e9rences entre les deux exp\u00e9riences sont \u00e9videntes, tant dans les instruments utilis\u00e9s que dans le contexte et dans les relations avec l\u2019\u00c9tat concern\u00e9.<\/h4>\n<h4 style=\"text-align: justify;\">Le Maroc et l\u2019Espagne sont li\u00e9s par un r\u00e9seau dense d\u2019int\u00e9r\u00eats \u00e9conomiques, s\u00e9curitaires, migratoires et commerciaux. Le dossier de la souverainet\u00e9 \u00e9volue donc \u00e0 l\u2019int\u00e9rieur d\u2019une relation beaucoup plus large qu\u2019un simple diff\u00e9rend frontalier. Entre le Royaume-Uni et l\u2019Argentine, malgr\u00e9 l\u2019existence de relations bilat\u00e9rales, les Malouines portent l\u2019h\u00e9ritage d\u2019une guerre directe qui continue de peser lourdement sur les calculs militaires et politiques.<\/h4>\n<h4 style=\"text-align: justify;\">Pourtant, ce qui se passe en Argentine offre une le\u00e7on sur la mani\u00e8re dont les dossiers de souverainet\u00e9 \u00e9voluent lorsque les int\u00e9r\u00eats mat\u00e9riels entrent au c\u0153ur du conflit.<\/h4>\n<h4 style=\"text-align: justify;\">Un territoire n\u2019est plus seulement un territoire lorsque des ressources strat\u00e9giques se trouvent sous son sol.<\/h4>\n<h4 style=\"text-align: justify;\">Et les fronti\u00e8res ne restent pas une simple affaire de cartes lorsque des entreprises internationales commencent \u00e0 investir, explorer et produire.<\/h4>\n<h4 style=\"text-align: justify;\">Dans le cas des Malouines, cette transformation s\u2019est concr\u00e9tis\u00e9e autour d\u2019un projet p\u00e9trolier pr\u00e9cis, d\u2019entreprises pr\u00e9cises et de sanctions pr\u00e9cises. Dans le cas marocain, aucun \u00e9l\u00e9ment comparable ne permet aujourd\u2019hui d\u2019affirmer que le dossier de Ceuta et Melilla est entr\u00e9 dans la m\u00eame phase.<\/h4>\n<h4 style=\"text-align: justify;\">Mais sa remise sur la table, au moment m\u00eame o\u00f9 le d\u00e9bat sur la souverainet\u00e9 s\u2019intensifie dans d\u2019autres r\u00e9gions du monde, rappelle que les dossiers qui semblent gel\u00e9s pendant des ann\u00e9es peuvent revenir au premier plan lorsque les circonstances qui les entourent changent.<\/h4>\n<h4 style=\"text-align: justify;\">Et le fait marquant est que l\u2019Argentine ne s\u2019est pas content\u00e9e cette fois de r\u00e9p\u00e9ter que \u00ab les \u00eeles sont argentines \u00bb. Buenos Aires a annonc\u00e9 des instruments qu\u2019elle entend utiliser pour exercer une pression r\u00e9elle, des sanctions au droit en passant par la d\u00e9fense.<\/h4>\n<h4 style=\"text-align: justify;\">Reste \u00e0 savoir si ces instruments modifieront la r\u00e9alit\u00e9 des Malouines. C\u2019est une tout autre question.<\/h4>\n<h4 style=\"text-align: justify;\">Pour l\u2019heure, le Royaume-Uni maintient sa position, les entreprises concern\u00e9es par le projet p\u00e9trolier n\u2019annoncent aucun retrait et Washington n\u2019a officiellement annonc\u00e9 aucun changement de politique.<\/h4>\n<h4 style=\"text-align: justify;\">Ce qui s\u2019est produit jeudi n\u2019est donc ni une reprise des Malouines, ni un basculement d\u00e9finitif de la position des grandes puissances. C\u2019est une nouvelle \u00e9l\u00e9vation du niveau de confrontation, \u00e0 un moment o\u00f9 les ressources, l\u2019\u00e9nergie et les calculs am\u00e9ricains entrent plus clairement dans l\u2019\u00e9quation.<\/h4>\n<h4 style=\"text-align: justify;\">Dans les dossiers de souverainet\u00e9, la diff\u00e9rence entre une revendication ancienne et une nouvelle \u00e9tape r\u00e9side parfois dans les instruments que l\u2019on place derri\u00e8re elle.<\/h4>\n","protected":false},"excerpt":{"rendered":"<p>Javier Milei n\u2019a pas eu besoin, jeudi soir, d\u2019ouvrir un nouveau dossier avec le Royaume-Uni. Le dossier est ancien, et la guerre autour des \u00eeles Malouines s\u2019est achev\u00e9e il y a 44 ans. Ce qui est nouveau, c\u2019est la mani\u00e8re dont le pr\u00e9sident argentin a choisi de remettre la question sur la table : sanctions [&hellip;]<\/p>\n","protected":false},"author":3,"featured_media":2954,"comment_status":"open","ping_status":"open","sticky":false,"template":"","format":"standard","meta":{"footnotes":""},"categories":[32,36,25,49,29],"tags":[],"class_list":["post-2953","post","type-post","status-publish","format-standard","has-post-thumbnail","category-amerique","category-asie","category-europ","category-le-maghreb","category-moyen-orient"],"_links":{"self":[{"href":"https:\/\/diplomatique.ma\/fr\/wp-json\/wp\/v2\/posts\/2953","targetHints":{"allow":["GET"]}}],"collection":[{"href":"https:\/\/diplomatique.ma\/fr\/wp-json\/wp\/v2\/posts"}],"about":[{"href":"https:\/\/diplomatique.ma\/fr\/wp-json\/wp\/v2\/types\/post"}],"author":[{"embeddable":true,"href":"https:\/\/diplomatique.ma\/fr\/wp-json\/wp\/v2\/users\/3"}],"replies":[{"embeddable":true,"href":"https:\/\/diplomatique.ma\/fr\/wp-json\/wp\/v2\/comments?post=2953"}],"version-history":[{"count":1,"href":"https:\/\/diplomatique.ma\/fr\/wp-json\/wp\/v2\/posts\/2953\/revisions"}],"predecessor-version":[{"id":2955,"href":"https:\/\/diplomatique.ma\/fr\/wp-json\/wp\/v2\/posts\/2953\/revisions\/2955"}],"wp:featuredmedia":[{"embeddable":true,"href":"https:\/\/diplomatique.ma\/fr\/wp-json\/wp\/v2\/media\/2954"}],"wp:attachment":[{"href":"https:\/\/diplomatique.ma\/fr\/wp-json\/wp\/v2\/media?parent=2953"}],"wp:term":[{"taxonomy":"category","embeddable":true,"href":"https:\/\/diplomatique.ma\/fr\/wp-json\/wp\/v2\/categories?post=2953"},{"taxonomy":"post_tag","embeddable":true,"href":"https:\/\/diplomatique.ma\/fr\/wp-json\/wp\/v2\/tags?post=2953"}],"curies":[{"name":"wp","href":"https:\/\/api.w.org\/{rel}","templated":true}]}}