{"id":2956,"date":"2026-09-05T15:57:21","date_gmt":"2026-09-05T15:57:21","guid":{"rendered":"https:\/\/diplomatique.ma\/fr\/?p=2956"},"modified":"2026-09-05T21:02:29","modified_gmt":"2026-09-05T21:02:29","slug":"quand-le-drapeau-marocain-est-dechire-en-espagne-le-mouvement-populaire-repond-lamitie-nautorise-pas-lhumiliation-du-maroc","status":"publish","type":"post","link":"https:\/\/diplomatique.ma\/fr\/quand-le-drapeau-marocain-est-dechire-en-espagne-le-mouvement-populaire-repond-lamitie-nautorise-pas-lhumiliation-du-maroc\/","title":{"rendered":"Quand le drapeau marocain est d\u00e9chir\u00e9 en Espagne\u2026 le Mouvement Populaire r\u00e9pond : l\u2019amiti\u00e9 n\u2019autorise pas l\u2019humiliation du Maroc"},"content":{"rendered":"<p class=\"isSelectedEnd\" style=\"text-align: justify;\">Ce n\u2019\u00e9tait pas simplement un morceau de tissu arrach\u00e9 entre des mains avant d\u2019\u00eatre jet\u00e9. Lorsqu\u2019un drapeau marocain est d\u00e9chir\u00e9 dans un espace politique espagnol, l\u2019image d\u00e9passe largement l\u2019instant o\u00f9 elle est capt\u00e9e. Car le drapeau n\u2019est pas ici un d\u00e9tail d\u2019une sc\u00e8ne passag\u00e8re : il repr\u00e9sente un \u00c9tat, une m\u00e9moire collective et une dignit\u00e9 nationale. C\u2019est pr\u00e9cis\u00e9ment pour cette raison que la r\u00e9action du Mouvement Populaire a choisi un ton ferme et un message sans ambigu\u00eft\u00e9 : le Maroc peut \u00eatre en d\u00e9saccord avec l\u2019Espagne, n\u00e9gocier avec elle et m\u00eame s\u2019opposer \u00e0 elle sur des int\u00e9r\u00eats pr\u00e9cis, mais l\u2019amiti\u00e9 ne peut jamais devenir une autorisation d\u2019humilier.<\/p>\n<p class=\"isSelectedEnd\" style=\"text-align: justify;\">Dans son communiqu\u00e9, sign\u00e9 par son secr\u00e9taire g\u00e9n\u00e9ral Mohamed Ouzzine, le Mouvement Populaire ne s\u2019est pas content\u00e9 de condamner le d\u00e9chirement du drapeau marocain. Il a replac\u00e9 l\u2019incident dans un cadre beaucoup plus large, le consid\u00e9rant comme une atteinte \u00e0 la souverainet\u00e9 nationale, \u00e0 la dignit\u00e9 et \u00e0 la m\u00e9moire collective des Marocains.<\/p>\n<p class=\"isSelectedEnd\" style=\"text-align: justify;\">C\u2019est pr\u00e9cis\u00e9ment l\u00e0 que commence la port\u00e9e politique de la position.<\/p>\n<p class=\"isSelectedEnd\" style=\"text-align: justify;\">Le Mouvement Populaire n\u2019a pas trait\u00e9 l\u2019incident comme le simple acte provocateur d\u2019individus ou d\u2019un courant politique espagnol. Il l\u2019a pr\u00e9sent\u00e9 comme un comportement r\u00e9v\u00e9lateur, selon les termes du communiqu\u00e9, d\u2019une tendance coloniale appartenant au pass\u00e9. Ce choix de vocabulaire n\u2019est pas anodin. Il renvoie \u00e0 une histoire qui demeure pr\u00e9sente dans les relations maroco-espagnoles, m\u00eame lorsque les int\u00e9r\u00eats \u00e9conomiques et politiques cherchent \u00e0 en tourner la page.<\/p>\n<p class=\"isSelectedEnd\" style=\"text-align: justify;\">Mais le plus frappant est ailleurs : malgr\u00e9 la fermet\u00e9 du communiqu\u00e9, le Mouvement Populaire n\u2019a pas appel\u00e9 \u00e0 la rupture ni \u00e0 l\u2019escalade avec l\u2019Espagne.<\/p>\n<p class=\"isSelectedEnd\" style=\"text-align: justify;\">Bien au contraire.<\/p>\n<p class=\"isSelectedEnd\" style=\"text-align: justify;\">Le parti affirme que le Maroc continuera \u00e0 d\u00e9fendre ses relations d\u2019amiti\u00e9, de bon voisinage et de coop\u00e9ration avec l\u2019Espagne. C\u2019est probablement l\u2019un des messages les plus importants du texte : <strong>le Maroc peut refuser l\u2019humiliation sans refuser la relation.<\/strong><\/p>\n<p class=\"isSelectedEnd\" style=\"text-align: justify;\">Le probl\u00e8me, tel qu\u2019il ressort du communiqu\u00e9, n\u2019est donc ni le peuple espagnol ni l\u2019Espagne en tant qu\u2019\u00c9tat. Il concerne des pratiques politiques que Rabat consid\u00e8re comme incompatibles avec la nature des relations qui devraient unir aujourd\u2019hui les deux pays.<\/p>\n<p class=\"isSelectedEnd\" style=\"text-align: justify;\">\u00c0 partir de l\u00e0, le communiqu\u00e9 passe du drapeau \u00e0 quelque chose de beaucoup plus large.<\/p>\n<p class=\"isSelectedEnd\" style=\"text-align: justify;\">Lorsqu\u2019il insiste sur le droit souverain du Maroc \u00e0 d\u00e9finir la nature de ses relations et de ses int\u00e9r\u00eats strat\u00e9giques, il \u00e9voque clairement les dossiers qui continuent de structurer les relations maroco-espagnoles : l\u2019\u00e9conomie, le commerce, la mer, les int\u00e9r\u00eats strat\u00e9giques et la p\u00eache.<\/p>\n<p class=\"isSelectedEnd\" style=\"text-align: justify;\">Le message politique que l\u2019on peut lire entre les lignes est direct : <strong>le Maroc ne g\u00e8re pas sa politique \u00e9trang\u00e8re sous la pression de la provocation, ne troque pas sa souverainet\u00e9 contre des int\u00e9r\u00eats \u00e9conomiques et n\u2019accepte pas qu\u2019un partenariat se transforme en tutelle sur ses d\u00e9cisions.<\/strong><\/p>\n<p class=\"isSelectedEnd\" style=\"text-align: justify;\">Cette dimension prend un relief particulier dans le dossier de la p\u00eache, qui demeure depuis des ann\u00e9es l\u2019un des sujets les plus sensibles des relations entre le Maroc, l\u2019Union europ\u00e9enne et l\u2019Espagne. La d\u00e9cision marocaine, rappelle le communiqu\u00e9, doit \u00eatre fond\u00e9e sur l\u2019int\u00e9r\u00eat national et sur une d\u00e9cision souveraine, et non sur les attentes d\u2019acteurs ext\u00e9rieurs.<\/p>\n<p class=\"isSelectedEnd\" style=\"text-align: justify;\">Le communiqu\u00e9 n\u2019\u00e9tablit pas de lien direct entre l\u2019incident du drapeau et le dossier de la p\u00eache. Mais le fait d\u2019inscrire ces questions dans le m\u00eame cadre donne au message une port\u00e9e politique plus large qu\u2019une simple condamnation symbolique.<\/p>\n<p class=\"isSelectedEnd\" style=\"text-align: justify;\">Le Maroc semble vouloir dire que l\u2019\u00e9poque o\u00f9 ses relations \u00e9taient g\u00e9r\u00e9es dans une logique de r\u00e9action est r\u00e9volue.<\/p>\n<p class=\"isSelectedEnd\" style=\"text-align: justify;\">Beaucoup de choses ont chang\u00e9 ces derni\u00e8res ann\u00e9es. L\u2019Espagne elle-m\u00eame est pass\u00e9e d\u2019une p\u00e9riode de tensions \u00e0 une nouvelle phase de coop\u00e9ration avec Rabat, notamment apr\u00e8s l\u2019\u00e9volution majeure de la position de Madrid sur la question du Sahara marocain. D\u00e8s lors, la r\u00e9surgence de certains discours ou comportements renvoyant au pass\u00e9 colonial appara\u00eet, du point de vue marocain, comme une dissonance dans une relation cens\u00e9e avoir chang\u00e9 de nature.<\/p>\n<p class=\"isSelectedEnd\" style=\"text-align: justify;\">C\u2019est aussi dans ce contexte que l\u2019on peut comprendre le ton adopt\u00e9 par Mohamed Ouzzine.<\/p>\n<p class=\"isSelectedEnd\" style=\"text-align: justify;\">Le secr\u00e9taire g\u00e9n\u00e9ral du Mouvement Populaire n\u2019a pas oppos\u00e9 l\u2019amiti\u00e9 \u00e0 la dignit\u00e9. Il en a plut\u00f4t red\u00e9fini les conditions : un v\u00e9ritable partenaire ne demande pas au Maroc de renoncer \u00e0 sa souverainet\u00e9 pour pr\u00e9server la relation ; le bon voisinage ne signifie pas le silence face \u00e0 l\u2019insulte ; et le dialogue ne peut fonctionner que lorsque les deux parties se retrouvent autour de la table sur un pied d\u2019\u00e9galit\u00e9.<\/p>\n<p class=\"isSelectedEnd\" style=\"text-align: justify;\">Le communiqu\u00e9 le r\u00e9sume dans une formule particuli\u00e8rement forte : <strong>\u00ab l\u2019amiti\u00e9 ne signifie pas renoncer \u00e0 la dignit\u00e9, le bon voisinage ne signifie pas accepter l\u2019humiliation, et le dialogue ne peut r\u00e9ussir que sur la base de la parit\u00e9 et du respect mutuel \u00bb.<\/strong><\/p>\n<p class=\"isSelectedEnd\" style=\"text-align: justify;\">En politique, les mots ne sont pas toujours de simples mots.<\/p>\n<p class=\"isSelectedEnd\" style=\"text-align: justify;\">La mani\u00e8re dont ils sont choisis r\u00e9v\u00e8le parfois davantage la port\u00e9e d\u2019un message que les d\u00e9cisions officielles elles-m\u00eames. Et le Mouvement Populaire a choisi ici les mots de souverainet\u00e9, de dignit\u00e9, de parit\u00e9 et de respect mutuel. Des mots qui d\u00e9passent largement l\u2019incident du drapeau pour poser une nouvelle r\u00e8gle dans la relation maroco-espagnole : coop\u00e9ration, oui, mais sans complexe vis-\u00e0-vis du pass\u00e9 ; amiti\u00e9, oui, mais sans renoncement ; dialogue, oui, mais jamais depuis une position de faiblesse.<\/p>\n<p class=\"isSelectedEnd\" style=\"text-align: justify;\">L\u2019image peut rapidement dispara\u00eetre des \u00e9crans espagnols. Elle peut \u00eatre consid\u00e9r\u00e9e comme un geste politique limit\u00e9. Au Maroc, cependant, les symboles nationaux ne sont pas per\u00e7us avec la m\u00eame l\u00e9g\u00e8ret\u00e9.<\/p>\n<p class=\"isSelectedEnd\" style=\"text-align: justify;\">Le drapeau qui est d\u00e9chir\u00e9 devant les cam\u00e9ras n\u2019est pas une simple image. Il renvoie \u00e0 des millions de Marocains, \u00e0 une longue histoire de lutte pour la souverainet\u00e9 et \u00e0 une m\u00e9moire nationale particuli\u00e8rement sensible \u00e0 tout ce qui peut \u00eatre per\u00e7u comme une atteinte au Maroc ou une d\u00e9valorisation de sa dignit\u00e9.<\/p>\n<p class=\"isSelectedEnd\" style=\"text-align: justify;\">Le Mouvement Populaire a donc choisi de hausser le ton, sans pour autant fermer la porte.<\/p>\n<p class=\"isSelectedEnd\" style=\"text-align: justify;\">Et c\u2019est peut-\u00eatre l\u00e0 le message le plus habile du communiqu\u00e9 : <strong>la col\u00e8re ne signifie pas la rupture.<\/strong><\/p>\n<p class=\"isSelectedEnd\" style=\"text-align: justify;\">Le Maroc, selon cette position, ne cherche pas une nouvelle crise avec l\u2019Espagne. Mais il ne veut pas non plus d\u2019une relation dans laquelle il lui serait demand\u00e9 d\u2019avaler l\u2019humiliation au nom de l\u2019amiti\u00e9.<\/p>\n<p class=\"isSelectedEnd\" style=\"text-align: justify;\">Au fond, le drapeau est peut-\u00eatre celui qui a \u00e9t\u00e9 d\u00e9chir\u00e9 \u00e0 cet instant, mais la question politique laiss\u00e9e derri\u00e8re cette sc\u00e8ne est beaucoup plus grande : quel type de relation Rabat veut-il construire avec Madrid ?<\/p>\n<p class=\"isSelectedEnd\" style=\"text-align: justify;\">La r\u00e9ponse du Mouvement Populaire est claire : coop\u00e9ration, oui ; int\u00e9r\u00eats communs, oui ; dialogue permanent, oui. Mais par-dessus tout, un Maroc souverain qui d\u00e9cide lui-m\u00eame de ses int\u00e9r\u00eats et sait o\u00f9 commence l\u2019amiti\u00e9 et o\u00f9 s\u2019arr\u00eatent les concessions.<\/p>\n<p style=\"text-align: justify;\"><strong>La dignit\u00e9 nationale n\u2019est pas une monnaie d\u2019\u00e9change, la souverainet\u00e9 n\u2019est pas une clause secondaire d\u2019un accord, et l\u2019amiti\u00e9 avec l\u2019Espagne ne peut se construire au prix du respect d\u00fb au Maroc.<\/strong><\/p>\n","protected":false},"excerpt":{"rendered":"<p>Ce n\u2019\u00e9tait pas simplement un morceau de tissu arrach\u00e9 entre des mains avant d\u2019\u00eatre jet\u00e9. Lorsqu\u2019un drapeau marocain est d\u00e9chir\u00e9 dans un espace politique espagnol, l\u2019image d\u00e9passe largement l\u2019instant o\u00f9 elle est capt\u00e9e. Car le drapeau n\u2019est pas ici un d\u00e9tail d\u2019une sc\u00e8ne passag\u00e8re : il repr\u00e9sente un \u00c9tat, une m\u00e9moire collective et une dignit\u00e9 [&hellip;]<\/p>\n","protected":false},"author":3,"featured_media":2957,"comment_status":"open","ping_status":"open","sticky":false,"template":"","format":"standard","meta":{"footnotes":""},"categories":[28,25,49],"tags":[],"class_list":["post-2956","post","type-post","status-publish","format-standard","has-post-thumbnail","category-afrique","category-europ","category-le-maghreb"],"_links":{"self":[{"href":"https:\/\/diplomatique.ma\/fr\/wp-json\/wp\/v2\/posts\/2956","targetHints":{"allow":["GET"]}}],"collection":[{"href":"https:\/\/diplomatique.ma\/fr\/wp-json\/wp\/v2\/posts"}],"about":[{"href":"https:\/\/diplomatique.ma\/fr\/wp-json\/wp\/v2\/types\/post"}],"author":[{"embeddable":true,"href":"https:\/\/diplomatique.ma\/fr\/wp-json\/wp\/v2\/users\/3"}],"replies":[{"embeddable":true,"href":"https:\/\/diplomatique.ma\/fr\/wp-json\/wp\/v2\/comments?post=2956"}],"version-history":[{"count":1,"href":"https:\/\/diplomatique.ma\/fr\/wp-json\/wp\/v2\/posts\/2956\/revisions"}],"predecessor-version":[{"id":2958,"href":"https:\/\/diplomatique.ma\/fr\/wp-json\/wp\/v2\/posts\/2956\/revisions\/2958"}],"wp:featuredmedia":[{"embeddable":true,"href":"https:\/\/diplomatique.ma\/fr\/wp-json\/wp\/v2\/media\/2957"}],"wp:attachment":[{"href":"https:\/\/diplomatique.ma\/fr\/wp-json\/wp\/v2\/media?parent=2956"}],"wp:term":[{"taxonomy":"category","embeddable":true,"href":"https:\/\/diplomatique.ma\/fr\/wp-json\/wp\/v2\/categories?post=2956"},{"taxonomy":"post_tag","embeddable":true,"href":"https:\/\/diplomatique.ma\/fr\/wp-json\/wp\/v2\/tags?post=2956"}],"curies":[{"name":"wp","href":"https:\/\/api.w.org\/{rel}","templated":true}]}}