{"id":332,"date":"2024-08-23T14:57:44","date_gmt":"2024-08-23T14:57:44","guid":{"rendered":"https:\/\/diplomatique.ma\/fr\/?p=332"},"modified":"2024-08-23T14:57:44","modified_gmt":"2024-08-23T14:57:44","slug":"les-syndicats-insistent-sur-le-retrait-du-projet-de-loi-sur-la-greve-questions-sur-lavenir-du-droit-constitutionnel","status":"publish","type":"post","link":"https:\/\/diplomatique.ma\/fr\/les-syndicats-insistent-sur-le-retrait-du-projet-de-loi-sur-la-greve-questions-sur-lavenir-du-droit-constitutionnel\/","title":{"rendered":"Les syndicats insistent sur le retrait du projet de loi sur la gr\u00e8ve : questions sur l&rsquo;avenir du droit constitutionnel"},"content":{"rendered":"<div class=\"flex max-w-full flex-col flex-grow\">\n<div class=\"min-h-[20px] text-message flex w-full flex-col items-end gap-2 break-words [.text-message+&amp;]:mt-5 overflow-x-auto whitespace-pre-wrap\" dir=\"auto\" data-message-author-role=\"assistant\" data-message-id=\"b024f5d4-f0e5-4bd1-82a2-95c3186da652\">\n<div class=\"flex w-full flex-col gap-1 empty:hidden first:pt-[3px]\">\n<div class=\"markdown prose w-full break-words dark:prose-invert light\">\n<p style=\"text-align: justify;\"><span style=\"color: #000000;\">Dans le d\u00e9bat en cours autour du projet de loi organique n\u00b0 97.15, qui vise \u00e0 \u00e9tablir les conditions et les modalit\u00e9s d&rsquo;exercice du droit de gr\u00e8ve au Maroc, les revendications pour retirer ce projet du Parlement s&rsquo;intensifient. <\/span><\/p>\n<p style=\"text-align: justify;\"><span style=\"color: #000000;\">Cette demande soul\u00e8ve la question suivante : <strong>le retrait du projet pourrait-il marquer le d\u00e9but d&rsquo;un changement fondamental dans la mani\u00e8re dont le gouvernement traite les droits des travailleurs ?<\/strong><\/span><\/p>\n<p style=\"text-align: justify;\"><span style=\"color: #000000;\"><strong>Quel est le contexte de la position des syndicats ?<\/strong><\/span><br \/>\n<span style=\"color: #000000;\">Les syndicats consid\u00e8rent que le nouveau projet de loi est une \u00ab\u00a0loi restrictive\u00a0\u00bb visant \u00e0 limiter et \u00e0 criminaliser le droit de gr\u00e8ve, un droit garanti par la Constitution. Selon l&rsquo;Union Marocaine du Travail (UMT), le projet actuel contient des dispositions qui entravent l&rsquo;exercice r\u00e9el de ce droit, car il accorde au Premier ministre le pouvoir d&rsquo;interdire les gr\u00e8ves et restreint les cat\u00e9gories de travailleurs \u00e9ligibles \u00e0 exercer ce droit. Ces prises de position syndicales refl\u00e8tent des craintes que le projet ne cherche \u00e0 affaiblir le mouvement syndical et \u00e0 miner sa libert\u00e9 de d\u00e9fendre les droits des travailleurs.<\/span><\/p>\n<p style=\"text-align: justify;\"><span style=\"color: #000000;\"><strong>Le r\u00f4le du Conseil \u00e9conomique et social dans le d\u00e9bat<\/strong><\/span><br \/>\n<span style=\"color: #000000;\">Le Conseil \u00e9conomique, social et environnemental (CESE) s&rsquo;est engag\u00e9 \u00e0 interagir avec les m\u00e9morandums des syndicats et \u00e0 \u00e9couter leurs demandes. Cependant, la question reste de savoir si le r\u00f4le du Conseil ira au-del\u00e0 de la simple consultation pour devenir un acteur influent dans la modification du projet de loi, en vue de trouver un \u00e9quilibre entre les droits des travailleurs et les exigences gouvernementales.<\/span><\/p>\n<p style=\"text-align: justify;\"><span style=\"color: #000000;\"><strong>L&rsquo;application du projet de loi tel quel entra\u00eenera-t-elle une d\u00e9t\u00e9rioration des conditions des travailleurs ?<\/strong><\/span><br \/>\n<span style=\"color: #000000;\">Les pr\u00e9occupations syndicales incluent des sanctions telles que des amendes et des peines de prison, ce qui suscite des craintes quant \u00e0 l&rsquo;impact sur la libert\u00e9 syndicale au Maroc. Si le gouvernement continue d&rsquo;ignorer ces objections, cela pourrait conduire \u00e0 une augmentation des manifestations et des gr\u00e8ves susceptibles de menacer la stabilit\u00e9 sociale.<\/span><\/p>\n<p style=\"text-align: justify;\"><span style=\"color: #000000;\"><strong>Conclusion : Le gouvernement reconsid\u00e9rera-t-il le projet de loi ?<\/strong><\/span><br \/>\n<span style=\"color: #000000;\">Tous les regards sont d\u00e9sormais tourn\u00e9s vers le gouvernement pour voir s&rsquo;il prendra en compte les observations des syndicats et du CESE. Le retrait du projet de loi du Parlement pourrait \u00eatre le d\u00e9but d&rsquo;un dialogue social plus inclusif qui prend en compte les int\u00e9r\u00eats de toutes les parties et garantit la pr\u00e9servation du droit constitutionnel de gr\u00e8ve tout en maintenant la stabilit\u00e9 \u00e9conomique et sociale.<\/span><\/p>\n<p style=\"text-align: justify;\"><span style=\"color: #000000;\">Cette question soul\u00e8ve des questions fondamentales sur l&rsquo;\u00e9quilibre des pouvoirs entre le gouvernement et les syndicats, et sur la mani\u00e8re dont cet \u00e9quilibre pourrait affecter l&rsquo;avenir des libert\u00e9s fondamentales au Maroc.<\/span><\/p>\n<\/div>\n<\/div>\n<\/div>\n<\/div>\n<div class=\"mt-1 flex gap-3 empty:hidden -ml-2\">\n<div class=\"items-center justify-start rounded-xl p-1 flex\">\n<div class=\"flex items-center\" style=\"text-align: justify;\"><\/div>\n<\/div>\n<\/div>\n","protected":false},"excerpt":{"rendered":"<p>Dans le d\u00e9bat en cours autour du projet de loi organique n\u00b0 97.15, qui vise \u00e0 \u00e9tablir les conditions et les modalit\u00e9s d&rsquo;exercice du droit de gr\u00e8ve au Maroc, les revendications pour retirer ce projet du Parlement s&rsquo;intensifient. Cette demande soul\u00e8ve la question suivante : le retrait du projet pourrait-il marquer le d\u00e9but d&rsquo;un changement [&hellip;]<\/p>\n","protected":false},"author":2,"featured_media":333,"comment_status":"open","ping_status":"open","sticky":false,"template":"","format":"standard","meta":{"footnotes":""},"categories":[28,26],"tags":[],"class_list":{"0":"post-332","1":"post","2":"type-post","3":"status-publish","4":"format-standard","5":"has-post-thumbnail","7":"category-afrique","8":"category-economie"},"_links":{"self":[{"href":"https:\/\/diplomatique.ma\/fr\/wp-json\/wp\/v2\/posts\/332","targetHints":{"allow":["GET"]}}],"collection":[{"href":"https:\/\/diplomatique.ma\/fr\/wp-json\/wp\/v2\/posts"}],"about":[{"href":"https:\/\/diplomatique.ma\/fr\/wp-json\/wp\/v2\/types\/post"}],"author":[{"embeddable":true,"href":"https:\/\/diplomatique.ma\/fr\/wp-json\/wp\/v2\/users\/2"}],"replies":[{"embeddable":true,"href":"https:\/\/diplomatique.ma\/fr\/wp-json\/wp\/v2\/comments?post=332"}],"version-history":[{"count":1,"href":"https:\/\/diplomatique.ma\/fr\/wp-json\/wp\/v2\/posts\/332\/revisions"}],"predecessor-version":[{"id":334,"href":"https:\/\/diplomatique.ma\/fr\/wp-json\/wp\/v2\/posts\/332\/revisions\/334"}],"wp:featuredmedia":[{"embeddable":true,"href":"https:\/\/diplomatique.ma\/fr\/wp-json\/wp\/v2\/media\/333"}],"wp:attachment":[{"href":"https:\/\/diplomatique.ma\/fr\/wp-json\/wp\/v2\/media?parent=332"}],"wp:term":[{"taxonomy":"category","embeddable":true,"href":"https:\/\/diplomatique.ma\/fr\/wp-json\/wp\/v2\/categories?post=332"},{"taxonomy":"post_tag","embeddable":true,"href":"https:\/\/diplomatique.ma\/fr\/wp-json\/wp\/v2\/tags?post=332"}],"curies":[{"name":"wp","href":"https:\/\/api.w.org\/{rel}","templated":true}]}}