{"id":376,"date":"2024-08-26T12:29:11","date_gmt":"2024-08-26T12:29:11","guid":{"rendered":"https:\/\/diplomatique.ma\/fr\/?p=376"},"modified":"2024-08-26T12:30:12","modified_gmt":"2024-08-26T12:30:12","slug":"scandale-diplomatique-algerien-inquietudes-sur-la-securite-des-etats-et-leur-stabilite","status":"publish","type":"post","link":"https:\/\/diplomatique.ma\/fr\/scandale-diplomatique-algerien-inquietudes-sur-la-securite-des-etats-et-leur-stabilite\/","title":{"rendered":"Scandale Diplomatique Alg\u00e9rien : Inqui\u00e9tudes sur la S\u00e9curit\u00e9 des \u00c9tats et leur Stabilit\u00e9"},"content":{"rendered":"<p style=\"text-align: justify;\"><em><span style=\"color: #000000;\">Par M. Hilal Tarko El-Halimi<\/span><\/em><\/p>\n<p style=\"text-align: justify;\"><span style=\"color: #000000;\">Lors du sommet de coop\u00e9ration entre le Japon et l&rsquo;Union Africaine, un incident impliquant la diplomatie alg\u00e9rienne a d\u00e9clench\u00e9 une controverse, ses actions ayant \u00e9t\u00e9 consid\u00e9r\u00e9es comme une menace pour la s\u00e9curit\u00e9 et la stabilit\u00e9 des \u00c9tats. Cet \u00e9v\u00e9nement a soulev\u00e9 des questions importantes sur la cr\u00e9dibilit\u00e9 de l&rsquo;Alg\u00e9rie et sa capacit\u00e9 \u00e0 respecter les normes diplomatiques internationales.<\/span><\/p>\n<p style=\"text-align: justify;\"><span style=\"color: #000000;\"><strong>Transformer un Sommet de Coop\u00e9ration en Sc\u00e8ne de Crises<\/strong><\/span><\/p>\n<p style=\"text-align: justify;\"><span style=\"color: #000000;\">Le sommet entre le Japon et l&rsquo;Union Africaine devait \u00eatre une occasion de renforcer la coop\u00e9ration et de servir les peuples du continent africain. Cependant, les actions diplomatiques alg\u00e9riennes ont transform\u00e9 cette rencontre en une sc\u00e8ne de crise diplomatique. L&rsquo;Alg\u00e9rie a tent\u00e9 d&rsquo;exploiter la plateforme pour porter atteinte \u00e0 l&rsquo;int\u00e9grit\u00e9 territoriale du Royaume du Maroc, ce qui a suscit\u00e9 le m\u00e9contentement de nombreux participants et observateurs.<\/span><\/p>\n<p style=\"text-align: justify;\"><span style=\"color: #000000;\">Quelles sont les v\u00e9ritables motivations derri\u00e8re ces actions ? Refl\u00e8tent-elles une strat\u00e9gie diplomatique par laquelle l&rsquo;Alg\u00e9rie cherche \u00e0 atteindre des int\u00e9r\u00eats sp\u00e9cifiques au d\u00e9triment de la stabilit\u00e9 r\u00e9gionale ?<\/span><\/p>\n<p style=\"text-align: justify;\"><span style=\"color: #000000;\"><strong>Distraction des Int\u00e9r\u00eats Nationaux par des Tentatives de Perturbation<\/strong><\/span><\/p>\n<p style=\"text-align: justify;\"><span style=\"color: #000000;\">Au lieu de se concentrer sur les int\u00e9r\u00eats de son peuple et de renforcer la coop\u00e9ration avec les pays africains et le Japon, la diplomatie alg\u00e9rienne a choisi de diriger ses efforts vers la perturbation du Maroc et l&rsquo;entrave de son progr\u00e8s \u00e9conomique et politique. Ce comportement soul\u00e8ve des questions sur les priorit\u00e9s du gouvernement alg\u00e9rien et son engagement \u00e0 r\u00e9aliser le d\u00e9veloppement et la stabilit\u00e9 pour son peuple.<\/span><\/p>\n<p style=\"text-align: justify;\"><span style=\"color: #000000;\">Peut-on consid\u00e9rer ces actions comme le reflet de politiques internes aux prises avec des crises et des d\u00e9fis que le gouvernement alg\u00e9rien cherche \u00e0 exporter \u00e0 l&rsquo;ext\u00e9rieur ? Comment la communaut\u00e9 internationale doit-elle r\u00e9agir \u00e0 de telles actions qui entravent les efforts de coop\u00e9ration r\u00e9gionale et internationale ?<\/span><\/p>\n<p style=\"text-align: justify;\"><span style=\"color: #000000;\"><strong>Risques pour la S\u00e9curit\u00e9 Internationale et la Confiance entre les Nations<\/strong><\/span><\/p>\n<p style=\"text-align: justify;\"><span style=\"color: #000000;\">Les actions de l&rsquo;Alg\u00e9rie lors du sommet ne se sont pas limit\u00e9es au domaine diplomatique, elles ont \u00e9galement constitu\u00e9 une menace pour la s\u00e9curit\u00e9 du Japon en facilitant l&rsquo;infiltration de personnes avec des identit\u00e9s falsifi\u00e9es pour servir certaines agendas. Cela soul\u00e8ve des inqui\u00e9tudes s\u00e9rieuses quant au respect par l&rsquo;Alg\u00e9rie des lois et normes internationales, mettant en p\u00e9ril sa cr\u00e9dibilit\u00e9 en tant que partenaire international fiable.<\/span><\/p>\n<p style=\"text-align: justify;\"><span style=\"color: #000000;\">Quelles mesures la communaut\u00e9 internationale doit-elle prendre pour s&rsquo;assurer que de tels incidents ne se reproduisent pas ? Faut-il reconsid\u00e9rer les accords bilat\u00e9raux et la coop\u00e9ration future avec l&rsquo;Alg\u00e9rie pour garantir la s\u00e9curit\u00e9 et la stabilit\u00e9 internationales ?<\/span><\/p>\n<p style=\"text-align: justify;\"><span style=\"color: #000000;\"><strong>Appels \u00e0 la Responsabilit\u00e9 et \u00e0 des Enqu\u00eates Internationales<\/strong><\/span><\/p>\n<p style=\"text-align: justify;\"><span style=\"color: #000000;\">Face \u00e0 ces d\u00e9veloppements, des voix s&rsquo;\u00e9l\u00e8vent pour des enqu\u00eates internationales approfondies afin de tenir responsables ceux qui sont \u00e0 l&rsquo;origine de ces violations. L&rsquo;Union Africaine est \u00e9galement appel\u00e9e \u00e0 prendre une position ferme et claire contre ces actions qui nuisent \u00e0 sa r\u00e9putation et entravent ses efforts pour r\u00e9aliser le d\u00e9veloppement et la coop\u00e9ration entre les \u00c9tats membres.<\/span><\/p>\n<p style=\"text-align: justify;\"><span style=\"color: #000000;\">Y aura-t-il une r\u00e9ponse concr\u00e8te \u00e0 ces demandes ? Comment les organisations internationales, telles que la Ligue Arabe et les Nations Unies, peuvent-elles contribuer \u00e0 r\u00e9soudre cette crise et \u00e0 garantir qu&rsquo;elle ne se reproduise plus \u00e0 l&rsquo;avenir ?<\/span><\/p>\n<p style=\"text-align: justify;\"><span style=\"color: #000000;\"><strong>Une S\u00e9rie de Crises Diplomatiques R\u00e9p\u00e9t\u00e9es<\/strong><\/span><\/p>\n<p style=\"text-align: justify;\"><span style=\"color: #000000;\">Cet incident n&rsquo;est pas le premier du genre, la diplomatie alg\u00e9rienne ayant d\u00e9j\u00e0 \u00e9t\u00e9 impliqu\u00e9e dans des scandales diplomatiques similaires, tels que l&rsquo;entr\u00e9e du leader du Polisario en Espagne avec une identit\u00e9 falsifi\u00e9e. Ces incidents r\u00e9p\u00e9t\u00e9s refl\u00e8tent un mod\u00e8le de comportement diplomatique controvers\u00e9 et soul\u00e8vent des questions sur l&rsquo;approche de l&rsquo;Alg\u00e9rie dans les affaires internationales.<\/span><\/p>\n<p style=\"text-align: justify;\"><span style=\"color: #000000;\">Quelles sont les implications \u00e0 long terme de tels comportements sur la position internationale de l&rsquo;Alg\u00e9rie ? Ces \u00e9v\u00e9nements inciteront-ils d&rsquo;autres pays \u00e0 r\u00e9\u00e9valuer leurs relations diplomatiques et commerciales avec l&rsquo;Alg\u00e9rie ?<\/span><\/p>\n<p style=\"text-align: justify;\"><span style=\"color: #000000;\"><strong>Conclusion : La N\u00e9cessit\u00e9 de Respecter les Normes Internationales<\/strong><\/span><\/p>\n<p style=\"text-align: justify;\"><span style=\"color: #000000;\">Cette crise met en lumi\u00e8re l&rsquo;importance du respect des normes et lois internationales dans les pratiques diplomatiques, ainsi que la n\u00e9cessit\u00e9 de se concentrer sur la r\u00e9alisation des int\u00e9r\u00eats nationaux par le biais d&rsquo;une coop\u00e9ration constructive et d&rsquo;un respect mutuel entre les pays. L&rsquo;Alg\u00e9rie doit repenser son approche diplomatique et travailler \u00e0 \u00e9tablir des ponts de confiance et de coop\u00e9ration avec la communaut\u00e9 internationale plut\u00f4t que de s&rsquo;engager dans des pratiques qui nuisent \u00e0 sa position et aux int\u00e9r\u00eats de son peuple.<\/span><\/p>\n<p style=\"text-align: justify;\"><span style=\"color: #000000;\">Comment l&rsquo;Alg\u00e9rie r\u00e9agira-t-elle \u00e0 ces critiques ? Assisterons-nous \u00e0 un changement dans ses politiques diplomatiques pour renforcer la stabilit\u00e9 et la coop\u00e9ration dans la r\u00e9gion ?<\/span><\/p>\n<p style=\"text-align: justify;\"><span style=\"color: #000000;\">M. Hilal Tarko El-Halimi Pr\u00e9sident de l&rsquo;Association des Avocats Marocains R\u00e9sidant \u00e0 l&rsquo;\u00c9tranger et Pr\u00e9sident de l&rsquo;Association des Avocats d&rsquo;Origine Marocaine Pratiquant en Espagne<\/span><\/p>\n","protected":false},"excerpt":{"rendered":"<p>Par M. Hilal Tarko El-Halimi Lors du sommet de coop\u00e9ration entre le Japon et l&rsquo;Union Africaine, un incident impliquant la diplomatie alg\u00e9rienne a d\u00e9clench\u00e9 une controverse, ses actions ayant \u00e9t\u00e9 consid\u00e9r\u00e9es comme une menace pour la s\u00e9curit\u00e9 et la stabilit\u00e9 des \u00c9tats. Cet \u00e9v\u00e9nement a soulev\u00e9 des questions importantes sur la cr\u00e9dibilit\u00e9 de l&rsquo;Alg\u00e9rie et [&hellip;]<\/p>\n","protected":false},"author":2,"featured_media":377,"comment_status":"open","ping_status":"open","sticky":false,"template":"","format":"standard","meta":{"footnotes":""},"categories":[28,25,23],"tags":[],"class_list":{"0":"post-376","1":"post","2":"type-post","3":"status-publish","4":"format-standard","5":"has-post-thumbnail","7":"category-afrique","8":"category-europ","9":"category-politique"},"_links":{"self":[{"href":"https:\/\/diplomatique.ma\/fr\/wp-json\/wp\/v2\/posts\/376","targetHints":{"allow":["GET"]}}],"collection":[{"href":"https:\/\/diplomatique.ma\/fr\/wp-json\/wp\/v2\/posts"}],"about":[{"href":"https:\/\/diplomatique.ma\/fr\/wp-json\/wp\/v2\/types\/post"}],"author":[{"embeddable":true,"href":"https:\/\/diplomatique.ma\/fr\/wp-json\/wp\/v2\/users\/2"}],"replies":[{"embeddable":true,"href":"https:\/\/diplomatique.ma\/fr\/wp-json\/wp\/v2\/comments?post=376"}],"version-history":[{"count":2,"href":"https:\/\/diplomatique.ma\/fr\/wp-json\/wp\/v2\/posts\/376\/revisions"}],"predecessor-version":[{"id":379,"href":"https:\/\/diplomatique.ma\/fr\/wp-json\/wp\/v2\/posts\/376\/revisions\/379"}],"wp:featuredmedia":[{"embeddable":true,"href":"https:\/\/diplomatique.ma\/fr\/wp-json\/wp\/v2\/media\/377"}],"wp:attachment":[{"href":"https:\/\/diplomatique.ma\/fr\/wp-json\/wp\/v2\/media?parent=376"}],"wp:term":[{"taxonomy":"category","embeddable":true,"href":"https:\/\/diplomatique.ma\/fr\/wp-json\/wp\/v2\/categories?post=376"},{"taxonomy":"post_tag","embeddable":true,"href":"https:\/\/diplomatique.ma\/fr\/wp-json\/wp\/v2\/tags?post=376"}],"curies":[{"name":"wp","href":"https:\/\/api.w.org\/{rel}","templated":true}]}}