{"id":380,"date":"2024-08-26T15:29:30","date_gmt":"2024-08-26T15:29:30","guid":{"rendered":"https:\/\/diplomatique.ma\/fr\/?p=380"},"modified":"2024-08-26T15:29:30","modified_gmt":"2024-08-26T15:29:30","slug":"competition-electorale-en-algerie-comment-le-maroc-est-devenu-un-outil-politique-dans-les-campagnes-presidentielles","status":"publish","type":"post","link":"https:\/\/diplomatique.ma\/fr\/competition-electorale-en-algerie-comment-le-maroc-est-devenu-un-outil-politique-dans-les-campagnes-presidentielles\/","title":{"rendered":"Comp\u00e9tition \u00e9lectorale en Alg\u00e9rie : Comment le Maroc est devenu un outil politique dans les campagnes pr\u00e9sidentielles ?"},"content":{"rendered":"<p style=\"text-align: justify;\"><span style=\"color: #000000;\"><strong>La Comp\u00e9tition \u00c9lectorale en Alg\u00e9rie : Comment le Maroc est devenu un Instrument Politique dans les Campagnes Pr\u00e9sidentielles<\/strong><\/span><\/p>\n<p style=\"text-align: justify;\"><span style=\"color: #000000;\">La campagne \u00e9lectorale pour les \u00e9lections pr\u00e9sidentielles pr\u00e9vues en septembre en Alg\u00e9rie a vu le nom du Maroc revenir sur le devant de la sc\u00e8ne, utilis\u00e9 comme une arme politique par les candidats. Le candidat du Mouvement pour la soci\u00e9t\u00e9 de la paix, Abdelali Hassani, a attaqu\u00e9 le Maroc lors d\u2019un rassemblement \u00e9lectoral \u00e0 Tlemcen, suivant l\u2019exemple du pr\u00e9sident alg\u00e9rien actuel Abdelmadjid Tebboune, qui avait utilis\u00e9 une rh\u00e9torique similaire dans ses premi\u00e8res interventions \u00e9lectorales.<\/span><\/p>\n<p style=\"text-align: justify;\"><span style=\"color: #000000;\"><strong>Les Candidats et l\u2019Utilisation de la Question Marocaine comme Outil \u00c9lectoral<\/strong><\/span><\/p>\n<p style=\"text-align: justify;\"><span style=\"color: #000000;\">Malgr\u00e9 les diff\u00e9rences entre les candidats, ils partagent tous un point commun : l&rsquo;hostilit\u00e9 envers le Maroc. Cette attitude semble refl\u00e9ter une strat\u00e9gie plus large du r\u00e9gime alg\u00e9rien. Les analyses sugg\u00e8rent que cette hostilit\u00e9 pourrait servir \u00e0 d\u00e9tourner l&rsquo;attention des probl\u00e8mes internes et \u00e0 maintenir le statu quo du r\u00e9gime militaire alg\u00e9rien.<\/span><\/p>\n<p style=\"text-align: justify;\"><span style=\"color: #000000;\"><strong>L\u2019Hostilit\u00e9 du Maroc dans les Strat\u00e9gies du R\u00e9gime Alg\u00e9rien<\/strong><\/span><\/p>\n<p style=\"text-align: justify;\"><span style=\"color: #000000;\">Les observations historiques indiquent que le r\u00e9gime alg\u00e9rien n\u2019a pas montr\u00e9 de volont\u00e9 r\u00e9elle d\u2019am\u00e9liorer les relations avec le Maroc. Les appels du Maroc \u00e0 r\u00e9tablir des relations normales, y compris ceux du roi Mohammed VI, ont \u00e9t\u00e9 ignor\u00e9s. Cette situation soul\u00e8ve la question de savoir si cette hostilit\u00e9 est une strat\u00e9gie d\u00e9lib\u00e9r\u00e9e pour pr\u00e9server le pouvoir en Alg\u00e9rie.<\/span><\/p>\n<p style=\"text-align: justify;\"><span style=\"color: #000000;\"><strong>Le R\u00f4le Politique du Maroc dans les Campagnes \u00c9lectorales Alg\u00e9riennes<\/strong><\/span><\/p>\n<p style=\"text-align: justify;\"><span style=\"color: #000000;\">Les attaques r\u00e9p\u00e9t\u00e9es contre le Maroc lors des campagnes \u00e9lectorales refl\u00e8tent un rejet des propositions de r\u00e9conciliation. Alors que le Maroc continue de r\u00e9ussir dans le dossier du Sahara Occidental, l\u2019Alg\u00e9rie semble persister dans l\u2019utilisation de l\u2019hostilit\u00e9 envers le Maroc comme un outil politique pour gagner du soutien interne.<\/span><\/p>\n<p style=\"text-align: justify;\"><span style=\"color: #000000;\"><strong>Perspectives des Relations Maroc-Allemagne en Contexte \u00c9lectoral<\/strong><\/span><\/p>\n<p style=\"text-align: justify;\"><span style=\"color: #000000;\">Les pr\u00e9visions sugg\u00e8rent que les relations entre les deux pays continueront de se d\u00e9t\u00e9riorer \u00e0 court terme, en raison des tensions amplifi\u00e9es par la campagne \u00e9lectorale. La question demeure de savoir si cette situation pourrait \u00e9voluer vers une am\u00e9lioration des relations dans le futur ou si la situation restera inchang\u00e9e.<\/span><\/p>\n","protected":false},"excerpt":{"rendered":"<p>La Comp\u00e9tition \u00c9lectorale en Alg\u00e9rie : Comment le Maroc est devenu un Instrument Politique dans les Campagnes Pr\u00e9sidentielles La campagne \u00e9lectorale pour les \u00e9lections pr\u00e9sidentielles pr\u00e9vues en septembre en Alg\u00e9rie a vu le nom du Maroc revenir sur le devant de la sc\u00e8ne, utilis\u00e9 comme une arme politique par les candidats. Le candidat du Mouvement [&hellip;]<\/p>\n","protected":false},"author":2,"featured_media":381,"comment_status":"open","ping_status":"open","sticky":false,"template":"","format":"standard","meta":{"footnotes":""},"categories":[28],"tags":[],"class_list":{"0":"post-380","1":"post","2":"type-post","3":"status-publish","4":"format-standard","5":"has-post-thumbnail","7":"category-afrique"},"_links":{"self":[{"href":"https:\/\/diplomatique.ma\/fr\/wp-json\/wp\/v2\/posts\/380","targetHints":{"allow":["GET"]}}],"collection":[{"href":"https:\/\/diplomatique.ma\/fr\/wp-json\/wp\/v2\/posts"}],"about":[{"href":"https:\/\/diplomatique.ma\/fr\/wp-json\/wp\/v2\/types\/post"}],"author":[{"embeddable":true,"href":"https:\/\/diplomatique.ma\/fr\/wp-json\/wp\/v2\/users\/2"}],"replies":[{"embeddable":true,"href":"https:\/\/diplomatique.ma\/fr\/wp-json\/wp\/v2\/comments?post=380"}],"version-history":[{"count":1,"href":"https:\/\/diplomatique.ma\/fr\/wp-json\/wp\/v2\/posts\/380\/revisions"}],"predecessor-version":[{"id":382,"href":"https:\/\/diplomatique.ma\/fr\/wp-json\/wp\/v2\/posts\/380\/revisions\/382"}],"wp:featuredmedia":[{"embeddable":true,"href":"https:\/\/diplomatique.ma\/fr\/wp-json\/wp\/v2\/media\/381"}],"wp:attachment":[{"href":"https:\/\/diplomatique.ma\/fr\/wp-json\/wp\/v2\/media?parent=380"}],"wp:term":[{"taxonomy":"category","embeddable":true,"href":"https:\/\/diplomatique.ma\/fr\/wp-json\/wp\/v2\/categories?post=380"},{"taxonomy":"post_tag","embeddable":true,"href":"https:\/\/diplomatique.ma\/fr\/wp-json\/wp\/v2\/tags?post=380"}],"curies":[{"name":"wp","href":"https:\/\/api.w.org\/{rel}","templated":true}]}}