{"id":383,"date":"2024-08-26T18:56:30","date_gmt":"2024-08-26T18:56:30","guid":{"rendered":"https:\/\/diplomatique.ma\/fr\/?p=383"},"modified":"2024-08-26T18:56:30","modified_gmt":"2024-08-26T18:56:30","slug":"remaniement-ministeriel-en-tunisie-manoeuvre-politique-ou-necessite-imperative","status":"publish","type":"post","link":"https:\/\/diplomatique.ma\/fr\/remaniement-ministeriel-en-tunisie-manoeuvre-politique-ou-necessite-imperative\/","title":{"rendered":"Remaniement Minist\u00e9riel en Tunisie : Man\u0153uvre Politique ou N\u00e9cessit\u00e9 Imp\u00e9rative ?"},"content":{"rendered":"<p style=\"text-align: justify;\"><span style=\"color: #000000;\"><strong>Dans<\/strong> un mouvement inattendu, le pr\u00e9sident tunisien Ka\u00efs Sa\u00efed a proc\u00e9d\u00e9 \u00e0 un remaniement minist\u00e9riel d&rsquo;envergure, \u00e0 seulement 40 jours des \u00e9lections pr\u00e9sidentielles pr\u00e9vues pour le 6 octobre prochain. Ce remaniement intervient dans un contexte de tensions politiques persistantes depuis 2021, alors que les accusations contre le pr\u00e9sident de saper la d\u00e9mocratie en excluant la plupart des opposants majeurs se multiplient. Mais quelles sont les v\u00e9ritables motivations derri\u00e8re ce remaniement minist\u00e9riel ? Quels messages Ka\u00efs Sa\u00efed cherche-t-il \u00e0 faire passer \u00e0 travers cette initiative en ce moment crucial ?<\/span><\/p>\n<p style=\"text-align: justify;\"><span style=\"color: #000000;\"><strong>Les raisons avanc\u00e9es pour le remaniement : sont-elles suffisantes ?<\/strong><\/span><\/p>\n<p style=\"text-align: justify;\"><span style=\"color: #000000;\">Le pr\u00e9sident tunisien a affirm\u00e9 que le remaniement minist\u00e9riel \u00e9tait n\u00e9cessaire en raison du blocage des \u00ab\u00a0rouages de l&rsquo;\u00c9tat\u00a0\u00bb, attaquant ses d\u00e9tracteurs qui ont consid\u00e9r\u00e9 le remaniement comme une tentative de renforcer sa position \u00e9lectorale, les qualifiant de \u00ab\u00a0calomniateurs\u00a0\u00bb. Mais ces justifications sont-elles suffisantes pour expliquer un remaniement qui concerne 19 ministres et 3 secr\u00e9taires d&rsquo;\u00c9tat ? Ce remaniement \u00e9tait-il vraiment indispensable pour am\u00e9liorer les performances du gouvernement ou bien s&rsquo;agit-il d&rsquo;une tentative pour consolider le pouvoir avant les \u00e9lections ?<\/span><\/p>\n<p style=\"text-align: justify;\"><span style=\"color: #000000;\"><strong>L&rsquo;impact du remaniement sur la sc\u00e8ne politique : une \u00e9tape vers la stabilit\u00e9 ou un renforcement de la division ?<\/strong><\/span><\/p>\n<p style=\"text-align: justify;\"><span style=\"color: #000000;\">Le remaniement minist\u00e9riel, qui a touch\u00e9 des minist\u00e8res cl\u00e9s comme la D\u00e9fense et les Affaires \u00e9trang\u00e8res, a suscit\u00e9 de vives critiques de la part de diverses factions politiques. Certains politiciens estiment que Ka\u00efs Sa\u00efed cherche \u00e0 imposer une politique du fait accompli, ce qui ne fait qu&rsquo;accentuer les divisions politiques dans le pays. Ce remaniement peut-il r\u00e9ellement am\u00e9liorer les performances du gouvernement ou ne fera-t-il qu&rsquo;exacerber la polarisation et approfondir la crise politique ?<\/span><\/p>\n<p style=\"text-align: justify;\"><span style=\"color: #000000;\"><strong>La r\u00e9p\u00e9tition des remaniements minist\u00e9riels : un signe de l&rsquo;\u00e9chec des politiques ou une n\u00e9cessit\u00e9 pour corriger le cap ?<\/strong><\/span><\/p>\n<p style=\"text-align: justify;\"><span style=\"color: #000000;\">Depuis le limogeage du gouvernement Hichem Mechichi le 25 juillet 2021, la Tunisie a vu la nomination de trois chefs de gouvernement successifs, chaque changement \u00e9tant accompagn\u00e9 par l&rsquo;affirmation du pr\u00e9sident que l&rsquo;ex\u00e9cutif est exerc\u00e9 avec l&rsquo;aide d&rsquo;un gouvernement dirig\u00e9 par un Premier ministre. Ce remaniement minist\u00e9riel r\u00e9current soul\u00e8ve des questions quant \u00e0 l&rsquo;efficacit\u00e9 de ces politiques. Ces changements fr\u00e9quents refl\u00e8tent-ils l&rsquo;\u00e9chec des politiques gouvernementales ou sont-ils des tentatives sinc\u00e8res de rectifier la trajectoire et d&rsquo;assurer la stabilit\u00e9 ?<\/span><\/p>\n<p style=\"text-align: justify;\"><span style=\"color: #000000;\"><strong>Le timing du remaniement : une man\u0153uvre \u00e9lectorale ou une \u00e9tape n\u00e9cessaire ?<\/strong><\/span><\/p>\n<p style=\"text-align: justify;\"><span style=\"color: #000000;\">Le moment choisi par Ka\u00efs Sa\u00efed pour proc\u00e9der \u00e0 un remaniement minist\u00e9riel, \u00e0 40 jours seulement des \u00e9lections, soul\u00e8ve de nombreuses questions sur ses motivations. Le pr\u00e9sident cherche-t-il \u00e0 am\u00e9liorer ses chances \u00e9lectorales en \u00e9cartant les ministres jug\u00e9s inefficaces ? Peut-on consid\u00e9rer ce remaniement comme une \u00e9tape pour redorer l&rsquo;image du gouvernement avant les \u00e9lections, ou s&rsquo;agit-il d&rsquo;une tentative d&rsquo;exploiter le pouvoir pour renforcer sa position politique ?<\/span><\/p>\n<p style=\"text-align: justify;\"><span style=\"color: #000000;\"><strong>R\u00e9actions politiques au remaniement : rejet massif et craintes de renforcement du pouvoir individuel<\/strong><\/span><\/p>\n<p style=\"text-align: justify;\"><span style=\"color: #000000;\">Le remaniement minist\u00e9riel a \u00e9t\u00e9 accueilli par des r\u00e9actions n\u00e9gatives de la part de diverses factions politiques. Le politicien Khaled Chouket estime que le remaniement renforce la conviction que Sa\u00efed n&rsquo;a pas l&rsquo;intention de quitter le pouvoir ou de permettre une transition pacifique. Pour le dirigeant du mouvement Ennahdha, Belkacem Hassan, ce remaniement fait partie de la politique de \u00ab\u00a0gouvernement de coup d&rsquo;\u00c9tat\u00a0\u00bb visant \u00e0 renforcer le pouvoir individuel et \u00e0 exclure l&rsquo;opposition. Ce remaniement peut-il r\u00e9ellement am\u00e9liorer les performances gouvernementales ou est-il une autre \u00e9tape vers le renforcement du pouvoir individuel ?<\/span><\/p>\n<p style=\"text-align: justify;\"><span style=\"color: #000000;\"><strong>R\u00e9percussions futures : ce remaniement peut-il influencer les r\u00e9sultats des \u00e9lections ?<\/strong><\/span><\/p>\n<p style=\"text-align: justify;\"><span style=\"color: #000000;\">\u00c0 l&rsquo;approche des \u00e9lections, les observateurs s&rsquo;interrogent sur l&rsquo;impact de ce remaniement minist\u00e9riel sur les r\u00e9sultats attendus. Peut-il contribuer \u00e0 renforcer les chances de Ka\u00efs Sa\u00efed de remporter un nouveau mandat pr\u00e9sidentiel ? Ce remaniement contribuera-t-il \u00e0 apaiser la situation politique en Tunisie ou entra\u00eenera-t-il une escalade des tensions ?<\/span><\/p>\n","protected":false},"excerpt":{"rendered":"<p>Dans un mouvement inattendu, le pr\u00e9sident tunisien Ka\u00efs Sa\u00efed a proc\u00e9d\u00e9 \u00e0 un remaniement minist\u00e9riel d&rsquo;envergure, \u00e0 seulement 40 jours des \u00e9lections pr\u00e9sidentielles pr\u00e9vues pour le 6 octobre prochain. Ce remaniement intervient dans un contexte de tensions politiques persistantes depuis 2021, alors que les accusations contre le pr\u00e9sident de saper la d\u00e9mocratie en excluant la [&hellip;]<\/p>\n","protected":false},"author":2,"featured_media":385,"comment_status":"open","ping_status":"open","sticky":false,"template":"","format":"standard","meta":{"footnotes":""},"categories":[49,1],"tags":[],"class_list":{"0":"post-383","1":"post","2":"type-post","3":"status-publish","4":"format-standard","5":"has-post-thumbnail","7":"category-le-maghreb","8":"category-uncategorized"},"_links":{"self":[{"href":"https:\/\/diplomatique.ma\/fr\/wp-json\/wp\/v2\/posts\/383","targetHints":{"allow":["GET"]}}],"collection":[{"href":"https:\/\/diplomatique.ma\/fr\/wp-json\/wp\/v2\/posts"}],"about":[{"href":"https:\/\/diplomatique.ma\/fr\/wp-json\/wp\/v2\/types\/post"}],"author":[{"embeddable":true,"href":"https:\/\/diplomatique.ma\/fr\/wp-json\/wp\/v2\/users\/2"}],"replies":[{"embeddable":true,"href":"https:\/\/diplomatique.ma\/fr\/wp-json\/wp\/v2\/comments?post=383"}],"version-history":[{"count":1,"href":"https:\/\/diplomatique.ma\/fr\/wp-json\/wp\/v2\/posts\/383\/revisions"}],"predecessor-version":[{"id":384,"href":"https:\/\/diplomatique.ma\/fr\/wp-json\/wp\/v2\/posts\/383\/revisions\/384"}],"wp:featuredmedia":[{"embeddable":true,"href":"https:\/\/diplomatique.ma\/fr\/wp-json\/wp\/v2\/media\/385"}],"wp:attachment":[{"href":"https:\/\/diplomatique.ma\/fr\/wp-json\/wp\/v2\/media?parent=383"}],"wp:term":[{"taxonomy":"category","embeddable":true,"href":"https:\/\/diplomatique.ma\/fr\/wp-json\/wp\/v2\/categories?post=383"},{"taxonomy":"post_tag","embeddable":true,"href":"https:\/\/diplomatique.ma\/fr\/wp-json\/wp\/v2\/tags?post=383"}],"curies":[{"name":"wp","href":"https:\/\/api.w.org\/{rel}","templated":true}]}}