{"id":476,"date":"2024-09-12T10:03:45","date_gmt":"2024-09-12T10:03:45","guid":{"rendered":"https:\/\/diplomatique.ma\/fr\/?p=476"},"modified":"2024-09-12T20:06:23","modified_gmt":"2024-09-12T20:06:23","slug":"une-fin-proche-du-conflit-soutien-international-a-la-marocanite-du-sahara-face-a-lintransigeance-continue-de-lalgerie","status":"publish","type":"post","link":"https:\/\/diplomatique.ma\/fr\/une-fin-proche-du-conflit-soutien-international-a-la-marocanite-du-sahara-face-a-lintransigeance-continue-de-lalgerie\/","title":{"rendered":"Une fin proche du conflit ? Soutien international \u00e0 la marocanit\u00e9 du Sahara face \u00e0 l&rsquo;intransigeance continue de l&rsquo;Alg\u00e9rie"},"content":{"rendered":"<p style=\"text-align: justify;\"><span style=\"color: #000000;\"><strong>L&rsquo;Alg\u00e9rie dans une situation embarrassante en raison de l&rsquo;exploitation de la cause palestinienne : Soutien international \u00e0 la marocanit\u00e9 du Sahara face \u00e0 une campagne alg\u00e9rienne au Conseil des droits de l&rsquo;homme<\/strong><\/span><\/p>\n<p style=\"text-align: justify;\"><span style=\"color: #000000;\"><strong>Gen\u00e8ve<\/strong> \u2013 La sc\u00e8ne internationale a r\u00e9cemment vu une augmentation du soutien international \u00e0 la souverainet\u00e9 du Maroc sur le Sahara. Lors d&rsquo;une r\u00e9union du Conseil des droits de l&rsquo;homme \u00e0 Gen\u00e8ve, 38 pays ont d\u00e9clar\u00e9 leur soutien total \u00e0 la souverainet\u00e9 marocaine sur son Sahara. Cette position a \u00e9t\u00e9 une r\u00e9ponse directe aux tentatives continues de l&rsquo;Alg\u00e9rie de semer la confusion en impliquant la question du Sahara dans les discussions sur les droits de l&rsquo;homme, en faisant une comparaison infond\u00e9e entre le conflit artificiel autour du Sahara marocain et la cause palestinienne. Mais cette tactique alg\u00e9rienne est-elle conforme aux contextes des conflits internationaux ? Comment ce comportement contribue-t-il \u00e0 prolonger le conflit ?<\/span><\/p>\n<p style=\"text-align: justify;\"><span style=\"color: #000000;\"><strong>Embarras alg\u00e9rien au Conseil des droits de l&rsquo;homme<\/strong><\/span><\/p>\n<p style=\"text-align: justify;\"><span style=\"color: #000000;\">Ce n&rsquo;est pas la premi\u00e8re fois que l&rsquo;Alg\u00e9rie tente d&rsquo;utiliser la question palestinienne comme levier de pression internationale dans le dossier du Sahara marocain. De telles man\u0153uvres r\u00e9v\u00e8lent en r\u00e9alit\u00e9 une crise diplomatique plus profonde en Alg\u00e9rie, qui tente d&rsquo;exploiter son si\u00e8ge non permanent pour influencer la question du Sahara, alors que la communaut\u00e9 internationale consid\u00e8re que le diff\u00e9rend est r\u00e9solu dans le cadre du large soutien \u00e0 la proposition d&rsquo;autonomie marocaine. Mais qu&rsquo;est-ce qui pousse l&rsquo;Alg\u00e9rie \u00e0 cette escalade ?<\/span><\/p>\n<p style=\"text-align: justify;\"><span style=\"color: #000000;\"><strong>Le contexte diplomatique complexe<\/strong> : Dans une d\u00e9claration commune, les pays soutenant le Maroc ont affirm\u00e9 que la question palestinienne ne devrait pas \u00eatre utilis\u00e9e pour tromper l&rsquo;opinion publique internationale. Ils ont soulign\u00e9 que l&rsquo;engagement des \u00c9tats membres au sein du Conseil des droits de l&rsquo;homme devait respecter la s\u00e9paration entre les questions des droits humains et les enjeux politiques. Quel est le v\u00e9ritable objectif derri\u00e8re ce lien alg\u00e9rien entre les deux questions ?<\/span><\/p>\n<p style=\"text-align: justify;\"><span style=\"color: #000000;\"><strong>Excuses diplomatiques et recul alg\u00e9rien<\/strong><\/span><\/p>\n<p style=\"text-align: justify;\"><span style=\"color: #000000;\">Dans un d\u00e9veloppement notable, plusieurs ambassadeurs, dont un repr\u00e9sentant de la Palestine, ont pr\u00e9sent\u00e9 leurs excuses au Maroc, reconnaissant que l&rsquo;Alg\u00e9rie les avait induits en erreur pour participer \u00e0 une activit\u00e9 parall\u00e8le lors de la 57e session du Conseil des droits de l&rsquo;homme. Ces aveux soul\u00e8vent des questions sur la cr\u00e9dibilit\u00e9 des actions alg\u00e9riennes. Peut-on consid\u00e9rer ce geste comme un signe de recul du soutien international \u00e0 l&rsquo;Alg\u00e9rie ?<\/span><\/p>\n<p style=\"text-align: justify;\"><span style=\"color: #000000;\"><strong>R\u00f4le du Conseil de s\u00e9curit\u00e9 et initiative marocaine d&rsquo;autonomie<\/strong><\/span><\/p>\n<p style=\"text-align: justify;\"><span style=\"color: #000000;\">La plupart des pays ayant sign\u00e9 la d\u00e9claration ont confirm\u00e9 que le diff\u00e9rend au sujet du Sahara est trait\u00e9 exclusivement dans le cadre du Conseil de s\u00e9curit\u00e9, reconnaissant la priorit\u00e9 de l&rsquo;initiative d&rsquo;autonomie marocaine comme unique solution r\u00e9aliste. Cette reconnaissance envoie un message clair que la question n&rsquo;est plus d\u00e9battue au niveau international, notamment apr\u00e8s la r\u00e9cente r\u00e9solution 2703 d&rsquo;octobre 2023. Quelles pourraient \u00eatre les cons\u00e9quences de cette reconnaissance internationale sur la campagne continue de l&rsquo;Alg\u00e9rie ?<\/span><\/p>\n<p style=\"text-align: justify;\"><span style=\"color: #000000;\"><strong>L&rsquo;implication de l&rsquo;Alg\u00e9rie et son soutien au Polisario<\/strong><\/span><\/p>\n<p style=\"text-align: justify;\"><span style=\"color: #000000;\">Le rapport publi\u00e9 par les pays soutenant la marocanit\u00e9 du Sahara ne s&rsquo;est pas limit\u00e9 au soutien politique, mais a \u00e9galement r\u00e9v\u00e9l\u00e9 l&rsquo;implication de l&rsquo;Alg\u00e9rie dans la prolongation du conflit. L&rsquo;Alg\u00e9rie ne se contente pas de fournir un soutien politique et financier au Polisario, mais joue \u00e9galement un r\u00f4le cl\u00e9 dans l&rsquo;armement du front s\u00e9paratiste. Ce soutien est devenu \u00e9vident dans les d\u00e9faites successives du Polisario, apr\u00e8s que la plupart de ses alli\u00e9s l&rsquo;aient abandonn\u00e9. L&rsquo;Alg\u00e9rie est-elle en train de se diriger vers un isolement international \u00e0 la lumi\u00e8re de ces d\u00e9veloppements ?<\/span><\/p>\n<p style=\"text-align: justify;\"><span style=\"color: #000000;\"><strong>Maroc : Politiques pragmatiques et positions humanitaires<\/strong><\/span><\/p>\n<p style=\"text-align: justify;\"><span style=\"color: #000000;\">Contrairement aux politiques alg\u00e9riennes, le Maroc semble avoir adopt\u00e9 une approche plus diplomatique et humanitaire dans le traitement des questions internationales. En plus de son engagement envers l&rsquo;initiative d&rsquo;autonomie sous sa souverainet\u00e9, le r\u00f4le du Maroc dans la cause palestinienne s&rsquo;est r\u00e9v\u00e9l\u00e9 plus pragmatique et impactant. Au fil des ans, le Maroc a fourni une aide humanitaire aux Palestiniens, notamment lors des guerres r\u00e9p\u00e9t\u00e9es \u00e0 Gaza, loin des surench\u00e8res politiques alg\u00e9riennes. Cette diff\u00e9rence d&rsquo;approche r\u00e9v\u00e8le-t-elle un \u00e9chec fondamental dans la strat\u00e9gie alg\u00e9rienne ? Peut-on consid\u00e9rer que les actions marocaines sont plus efficaces sur la sc\u00e8ne internationale ?<\/span><\/p>\n<p style=\"text-align: justify;\"><span style=\"color: #000000;\"><strong>Questions ouvertes :<\/strong><\/span><\/p>\n<p style=\"text-align: justify;\"><span style=\"color: #000000;\">Alors que l&rsquo;Alg\u00e9rie continue de tenter d&rsquo;exploiter la cause palestinienne pour promouvoir ses th\u00e8ses s\u00e9paratistes sur la question du Sahara marocain, le Maroc fait face \u00e0 ces man\u0153uvres avec un soutien international croissant et une reconnaissance accrue de l&rsquo;initiative d&rsquo;autonomie comme solution r\u00e9aliste au conflit. La question reste ouverte : jusqu&rsquo;\u00e0 quand l&rsquo;Alg\u00e9rie continuera-t-elle \u00e0 miser sur des strat\u00e9gies diplomatiques inefficaces ? Est-il possible que ces actions conduisent \u00e0 une r\u00e9\u00e9valuation de ses politiques ext\u00e9rieures ?<\/span><\/p>\n<p style=\"text-align: justify;\"><span style=\"color: #000000;\">En fin de compte, ces \u00e9v\u00e9nements r\u00e9v\u00e8lent une faiblesse dans l&rsquo;approche alg\u00e9rienne, tandis que la position marocaine, soutenue internationalement, semble plus forte. Le monde assistera-t-il bient\u00f4t \u00e0 la fin de ce conflit artificiel ?<\/span><\/p>\n","protected":false},"excerpt":{"rendered":"<p>L&rsquo;Alg\u00e9rie dans une situation embarrassante en raison de l&rsquo;exploitation de la cause palestinienne : Soutien international \u00e0 la marocanit\u00e9 du Sahara face \u00e0 une campagne alg\u00e9rienne au Conseil des droits de l&rsquo;homme Gen\u00e8ve \u2013 La sc\u00e8ne internationale a r\u00e9cemment vu une augmentation du soutien international \u00e0 la souverainet\u00e9 du Maroc sur le Sahara. Lors d&rsquo;une [&hellip;]<\/p>\n","protected":false},"author":2,"featured_media":477,"comment_status":"open","ping_status":"open","sticky":false,"template":"","format":"standard","meta":{"footnotes":""},"categories":[28,25,49],"tags":[],"class_list":{"0":"post-476","1":"post","2":"type-post","3":"status-publish","4":"format-standard","5":"has-post-thumbnail","7":"category-afrique","8":"category-europ","9":"category-le-maghreb"},"_links":{"self":[{"href":"https:\/\/diplomatique.ma\/fr\/wp-json\/wp\/v2\/posts\/476","targetHints":{"allow":["GET"]}}],"collection":[{"href":"https:\/\/diplomatique.ma\/fr\/wp-json\/wp\/v2\/posts"}],"about":[{"href":"https:\/\/diplomatique.ma\/fr\/wp-json\/wp\/v2\/types\/post"}],"author":[{"embeddable":true,"href":"https:\/\/diplomatique.ma\/fr\/wp-json\/wp\/v2\/users\/2"}],"replies":[{"embeddable":true,"href":"https:\/\/diplomatique.ma\/fr\/wp-json\/wp\/v2\/comments?post=476"}],"version-history":[{"count":2,"href":"https:\/\/diplomatique.ma\/fr\/wp-json\/wp\/v2\/posts\/476\/revisions"}],"predecessor-version":[{"id":479,"href":"https:\/\/diplomatique.ma\/fr\/wp-json\/wp\/v2\/posts\/476\/revisions\/479"}],"wp:featuredmedia":[{"embeddable":true,"href":"https:\/\/diplomatique.ma\/fr\/wp-json\/wp\/v2\/media\/477"}],"wp:attachment":[{"href":"https:\/\/diplomatique.ma\/fr\/wp-json\/wp\/v2\/media?parent=476"}],"wp:term":[{"taxonomy":"category","embeddable":true,"href":"https:\/\/diplomatique.ma\/fr\/wp-json\/wp\/v2\/categories?post=476"},{"taxonomy":"post_tag","embeddable":true,"href":"https:\/\/diplomatique.ma\/fr\/wp-json\/wp\/v2\/tags?post=476"}],"curies":[{"name":"wp","href":"https:\/\/api.w.org\/{rel}","templated":true}]}}