{"id":521,"date":"2024-10-01T21:01:49","date_gmt":"2024-10-01T21:01:49","guid":{"rendered":"https:\/\/diplomatique.ma\/fr\/?p=521"},"modified":"2024-10-02T21:05:47","modified_gmt":"2024-10-02T21:05:47","slug":"ministre-malien-lalgerie-soutient-le-terrorisme-au-mali-accusations-publiques-et-escalade-politique-aux-nations-unies","status":"publish","type":"post","link":"https:\/\/diplomatique.ma\/fr\/ministre-malien-lalgerie-soutient-le-terrorisme-au-mali-accusations-publiques-et-escalade-politique-aux-nations-unies\/","title":{"rendered":"Ministre malien : L&rsquo;Alg\u00e9rie soutient le terrorisme au Mali \u2013 Accusations publiques et escalade politique aux Nations Unies"},"content":{"rendered":"<p style=\"text-align: justify;\"><span style=\"color: #000000;\">La crise politique entre le Mali et l&rsquo;Alg\u00e9rie s&rsquo;est intensifi\u00e9e, atteignant les Nations Unies, o\u00f9 l&rsquo;Assembl\u00e9e g\u00e9n\u00e9rale a \u00e9t\u00e9 le th\u00e9\u00e2tre d&rsquo;\u00e9changes diplomatiques tendus entre le ministre des Affaires \u00e9trang\u00e8res alg\u00e9rien, Ahmed Attaf, et le colonel Abdoulaye Ma\u00efga, ministre malien d&rsquo;\u00c9tat.<\/span><\/p>\n<div class=\"youtube-embed\" data-video_id=\"797QtdwztZ4\"><iframe loading=\"lazy\" title=\"Mai\u0308ga traite les diplomates alge\u0301riens d\u2019&quot;e\u0301nergume\u0300nes diplomatiques&quot;\" width=\"696\" height=\"392\" src=\"https:\/\/www.youtube.com\/embed\/797QtdwztZ4?feature=oembed&#038;enablejsapi=1\" frameborder=\"0\" allow=\"accelerometer; autoplay; clipboard-write; encrypted-media; gyroscope; picture-in-picture; web-share\" referrerpolicy=\"strict-origin-when-cross-origin\" allowfullscreen><\/iframe><\/div>\n<p style=\"text-align: justify;\"><span style=\"color: #000000;\">Cela fait suite \u00e0 des accusations mutuelles concernant le soutien au terrorisme et les relations de bon voisinage, soulignant les tensions croissantes entre les deux pays et soulevant de nombreuses questions sur l&rsquo;avenir de la stabilit\u00e9 dans la r\u00e9gion du Sahel et de l&rsquo;Afrique du Nord.<\/span><\/p>\n<p style=\"text-align: justify;\"><span style=\"color: #000000;\"><strong>Les racines de la crise : Une longue histoire de tensions<\/strong><\/span><br \/>\n<span style=\"color: #000000;\">Bien que les relations entre le Mali et l&rsquo;Alg\u00e9rie aient \u00e9t\u00e9 tendues depuis un certain temps, les r\u00e9centes accusations de Ma\u00efga, affirmant que l&rsquo;Alg\u00e9rie \u00ab h\u00e9berge des terroristes \u00bb, ont marqu\u00e9 un tournant dans ce conflit.<\/span><\/p>\n<p style=\"text-align: justify;\"><span style=\"color: #000000;\">Ma\u00efga a accus\u00e9 l&rsquo;Alg\u00e9rie de ne pas respecter les principes de bon voisinage et de contribuer \u00e0 d\u00e9stabiliser le Mali en soutenant des groupes arm\u00e9s qui menacent la s\u00e9curit\u00e9 du pays. Attaf a r\u00e9agi avec des d\u00e9clarations virulentes, qualifiant ces propos de \u00ab langage indigne et grossier \u00bb. Ces \u00e9changes publics r\u00e9v\u00e8lent la profondeur du foss\u00e9 entre les deux pays.<\/span><\/p>\n<p style=\"text-align: justify;\"><span style=\"color: #000000;\"><strong>Les dimensions de la crise : Va-t-elle au-del\u00e0 d&rsquo;un simple conflit bilat\u00e9ral ?<\/strong><\/span><br \/>\n<span style=\"color: #000000;\">Bien que cette crise semble \u00e0 premi\u00e8re vue \u00eatre un probl\u00e8me entre deux nations, ses r\u00e9percussions pourraient s&rsquo;\u00e9tendre bien au-del\u00e0 et affecter toute la r\u00e9gion.<\/span><\/p>\n<p style=\"text-align: justify;\"><span style=\"color: #000000;\">L&rsquo;Alg\u00e9rie, qui a jou\u00e9 un r\u00f4le cl\u00e9 en tant que m\u00e9diateur entre les groupes arm\u00e9s du nord du Mali pendant des ann\u00e9es, se retrouve aujourd&rsquo;hui en position d\u00e9fensive, apr\u00e8s avoir longtemps promu son r\u00f4le de garant de la stabilit\u00e9 dans la r\u00e9gion du Sahel.<\/span><\/p>\n<p style=\"text-align: justify;\"><strong><span style=\"color: #000000;\">La question qui se pose est la suivante : L&rsquo;Alg\u00e9rie est-elle devenue une partie du probl\u00e8me plut\u00f4t qu&rsquo;une partie de la solution ?<\/span><\/strong><\/p>\n<p style=\"text-align: justify;\"><span style=\"color: #000000;\">En intervenant activement dans les affaires de la r\u00e9gion, notamment au Mali et en Libye, l&rsquo;Alg\u00e9rie pourrait avoir contribu\u00e9 \u00e0 compliquer les conflits internes de ces pays. En soutenant certains groupes, elle pourrait se retrouver impliqu\u00e9e dans des crises suppl\u00e9mentaires.<\/span><\/p>\n<p style=\"text-align: justify;\"><span style=\"color: #000000;\"><strong>Les relations bilat\u00e9rales : R\u00e9percussions sur le voisinage<\/strong><\/span><br \/>\n<span style=\"color: #000000;\">Cette crise intervient \u00e0 un moment particuli\u00e8rement d\u00e9licat pour l&rsquo;Alg\u00e9rie, qui conna\u00eet des tensions diplomatiques avec plusieurs autres pays de la r\u00e9gion, notamment le Maroc.<\/span><\/p>\n<p style=\"text-align: justify;\"><span style=\"color: #000000;\">Cette situation soul\u00e8ve des questions sur la capacit\u00e9 de l&rsquo;Alg\u00e9rie \u00e0 maintenir des relations saines avec ses voisins, surtout face \u00e0 la mont\u00e9e des crises internes et externes.<\/span><\/p>\n<p style=\"text-align: justify;\"><span style=\"color: #000000;\"><strong>Les r\u00e9percussions r\u00e9gionales : L&rsquo;impact de la crise sur le Sahel et l&rsquo;Afrique du Nord<\/strong><\/span><\/p>\n<p style=\"text-align: justify;\"><span style=\"color: #000000;\">Il est certain que toute escalade de la crise entre le Mali et l&rsquo;Alg\u00e9rie aura un impact sur la stabilit\u00e9 du Sahel et de l&rsquo;Afrique du Nord. Cette crise risque-t-elle d&rsquo;aggraver les conflits existants dans la r\u00e9gion ?<\/span><\/p>\n<p style=\"text-align: justify;\"><span style=\"color: #000000;\">La r\u00e9gion du Sahel est d\u00e9j\u00e0 l&rsquo;une des zones les plus troubl\u00e9es au monde, m\u00ealant terrorisme, conflits arm\u00e9s et instabilit\u00e9 politique.<\/span><\/p>\n<p style=\"text-align: justify;\"><span style=\"color: #000000;\"><strong>L&rsquo;Alg\u00e9rie et le Maroc : Le conflit r\u00e9gional aggrave-t-il la crise ?<\/strong><\/span><br \/>\n<span style=\"color: #000000;\">Les relations tendues entre l&rsquo;Alg\u00e9rie et le Maroc jettent une ombre sur tous les \u00e9v\u00e9nements de la r\u00e9gion. Ce conflit r\u00e9gional contribue-t-il \u00e0 exacerber les crises dans le Sahel ? L&rsquo;Alg\u00e9rie, qui entretient des conflits avec le Maroc depuis deux d\u00e9cennies, se trouve aujourd&rsquo;hui confront\u00e9e \u00e0 plusieurs fronts diplomatiques enflamm\u00e9s, augmentant ainsi son isolement.<\/span><\/p>\n<p style=\"text-align: justify;\"><span style=\"color: #000000;\"><strong>Conclusion : O\u00f9 va-t-on ?<\/strong><\/span><br \/>\n<span style=\"color: #000000;\">Face \u00e0 ces tensions croissantes, la grande question est de savoir si ces crises successives vont entra\u00eener un effondrement des relations entre l&rsquo;Alg\u00e9rie et ses voisins.<\/span><\/p>\n<p style=\"text-align: justify;\"><span style=\"color: #000000;\">L&rsquo;Alg\u00e9rie pourra-t-elle reconstruire des ponts de confiance avec les pays voisins, ou son r\u00f4le dans la r\u00e9gion va-t-il conna\u00eetre un d\u00e9clin significatif ? L&rsquo;avenir s&rsquo;annonce sem\u00e9 de d\u00e9fis majeurs pour l&rsquo;Alg\u00e9rie, surtout si elle ne parvient pas \u00e0 adopter une politique diplomatique plus sage et efficace.<\/span><\/p>\n","protected":false},"excerpt":{"rendered":"<p>La crise politique entre le Mali et l&rsquo;Alg\u00e9rie s&rsquo;est intensifi\u00e9e, atteignant les Nations Unies, o\u00f9 l&rsquo;Assembl\u00e9e g\u00e9n\u00e9rale a \u00e9t\u00e9 le th\u00e9\u00e2tre d&rsquo;\u00e9changes diplomatiques tendus entre le ministre des Affaires \u00e9trang\u00e8res alg\u00e9rien, Ahmed Attaf, et le colonel Abdoulaye Ma\u00efga, ministre malien d&rsquo;\u00c9tat. Cela fait suite \u00e0 des accusations mutuelles concernant le soutien au terrorisme et les [&hellip;]<\/p>\n","protected":false},"author":2,"featured_media":522,"comment_status":"open","ping_status":"open","sticky":false,"template":"","format":"standard","meta":{"footnotes":""},"categories":[28,49,44],"tags":[],"class_list":{"0":"post-521","1":"post","2":"type-post","3":"status-publish","4":"format-standard","5":"has-post-thumbnail","7":"category-afrique","8":"category-le-maghreb","9":"category-video"},"_links":{"self":[{"href":"https:\/\/diplomatique.ma\/fr\/wp-json\/wp\/v2\/posts\/521","targetHints":{"allow":["GET"]}}],"collection":[{"href":"https:\/\/diplomatique.ma\/fr\/wp-json\/wp\/v2\/posts"}],"about":[{"href":"https:\/\/diplomatique.ma\/fr\/wp-json\/wp\/v2\/types\/post"}],"author":[{"embeddable":true,"href":"https:\/\/diplomatique.ma\/fr\/wp-json\/wp\/v2\/users\/2"}],"replies":[{"embeddable":true,"href":"https:\/\/diplomatique.ma\/fr\/wp-json\/wp\/v2\/comments?post=521"}],"version-history":[{"count":1,"href":"https:\/\/diplomatique.ma\/fr\/wp-json\/wp\/v2\/posts\/521\/revisions"}],"predecessor-version":[{"id":523,"href":"https:\/\/diplomatique.ma\/fr\/wp-json\/wp\/v2\/posts\/521\/revisions\/523"}],"wp:featuredmedia":[{"embeddable":true,"href":"https:\/\/diplomatique.ma\/fr\/wp-json\/wp\/v2\/media\/522"}],"wp:attachment":[{"href":"https:\/\/diplomatique.ma\/fr\/wp-json\/wp\/v2\/media?parent=521"}],"wp:term":[{"taxonomy":"category","embeddable":true,"href":"https:\/\/diplomatique.ma\/fr\/wp-json\/wp\/v2\/categories?post=521"},{"taxonomy":"post_tag","embeddable":true,"href":"https:\/\/diplomatique.ma\/fr\/wp-json\/wp\/v2\/tags?post=521"}],"curies":[{"name":"wp","href":"https:\/\/api.w.org\/{rel}","templated":true}]}}