{"id":562,"date":"2024-10-11T19:55:14","date_gmt":"2024-10-11T19:55:14","guid":{"rendered":"https:\/\/diplomatique.ma\/fr\/?p=562"},"modified":"2024-10-11T19:55:14","modified_gmt":"2024-10-11T19:55:14","slug":"le-roi-mohammed-vi-faire-face-a-quelques-pays-qui-sopposent-a-la-logique-de-la-verite-et-de-lhistoire-concernant-la-question-du-sahara-le-maroc-reste-ferme-dans-sa-position","status":"publish","type":"post","link":"https:\/\/diplomatique.ma\/fr\/le-roi-mohammed-vi-faire-face-a-quelques-pays-qui-sopposent-a-la-logique-de-la-verite-et-de-lhistoire-concernant-la-question-du-sahara-le-maroc-reste-ferme-dans-sa-position\/","title":{"rendered":"Le roi Mohammed VI : Faire face \u00e0 quelques pays qui s&rsquo;opposent \u00e0 la logique de la v\u00e9rit\u00e9 et de l&rsquo;histoire concernant la question du Sahara&#8230; Le Maroc reste ferme dans sa position."},"content":{"rendered":"<p style=\"text-align: justify;\"><span style=\"color: #000000;\">Dans son discours historique devant les membres des deux Chambres du Parlement lors de l&rsquo;ouverture de la premi\u00e8re session de la quatri\u00e8me ann\u00e9e l\u00e9gislative de la onzi\u00e8me l\u00e9gislature, le roi Mohammed VI, que Dieu le pr\u00e9serve, a soulign\u00e9 que la position du Maroc sur la question du Sahara marocain est claire et ferme, malgr\u00e9 l&rsquo;opposition persistante de certains pays.<\/span><\/p>\n<p style=\"text-align: justify;\"><span style=\"color: #000000;\"><strong>L&rsquo;importance de la mobilisation continue<\/strong><\/span><br \/>\n<span style=\"color: #000000;\">Le roi a expliqu\u00e9 que les succ\u00e8s r\u00e9alis\u00e9s par le Maroc dans le dossier du Sahara n\u00e9cessitent une mobilisation accrue de tous les Marocains afin de pr\u00e9server ces acquis et de renforcer la position du pays. Cependant, la mobilisation des rues et des institutions nationales est-elle suffisante ? Ou est-il n\u00e9cessaire de d\u00e9velopper de nouveaux moyens et m\u00e9canismes pour activer cette mobilisation \u00e0 un niveau plus profond et plus efficace ?<\/span><\/p>\n<p style=\"text-align: justify;\"><span style=\"color: #000000;\"><strong>Convaincre les pays r\u00e9fractaires : Argument et Histoire<\/strong><\/span><br \/>\n<span style=\"color: #000000;\">Le roi Mohammed VI a insist\u00e9 sur la n\u00e9cessit\u00e9 d&rsquo;expliquer la position du Maroc et de convaincre les pays qui continuent d&rsquo;adopter des positions oppos\u00e9es. Il a soulign\u00e9 l&rsquo;importance de s&rsquo;appuyer sur des arguments juridiques, politiques, historiques et spirituels qui renforcent la l\u00e9gitimit\u00e9 de la marocanit\u00e9 du Sahara. Mais comment am\u00e9liorer ce dialogue avec ces pays face aux complexit\u00e9s g\u00e9opolitiques actuelles ? La diplomatie marocaine peut-elle d\u00e9velopper de nouvelles strat\u00e9gies plus convaincantes et efficaces \u00e0 cet \u00e9gard ?<\/span><\/p>\n<p style=\"text-align: justify;\"><span style=\"color: #000000;\"><strong>Coordination entre les institutions : La cl\u00e9 du succ\u00e8s<\/strong><\/span><br \/>\n<span style=\"color: #000000;\">Le roi a appel\u00e9 \u00e0 la synergie des efforts de toutes les institutions nationales, qu&rsquo;elles soient officielles, partisanes ou civiles, pour renforcer la position marocaine. Il a soulign\u00e9 l&rsquo;importance cruciale du r\u00f4le de la diplomatie parlementaire et partisane, insistant sur la n\u00e9cessit\u00e9 d&rsquo;une meilleure coordination entre les deux Chambres du Parlement. Cependant, la coordination actuelle entre les institutions est-elle efficace comme elle devrait l&rsquo;\u00eatre ? Quelles structures doivent \u00eatre am\u00e9lior\u00e9es pour garantir une plus grande efficacit\u00e9 dans l&rsquo;action diplomatique ?<\/span><\/p>\n<p style=\"text-align: justify;\"><span style=\"color: #000000;\"><strong>Le d\u00e9veloppement dans les provinces du sud : Les fruits de l&rsquo;unit\u00e9 nationale<\/strong><\/span><br \/>\n<span style=\"color: #000000;\">Le roi a lou\u00e9 le d\u00e9veloppement \u00e9conomique et social observ\u00e9 dans les provinces du sud gr\u00e2ce \u00e0 la solidarit\u00e9 nationale. Il a confirm\u00e9 que ce d\u00e9veloppement renforce la position internationale du Maroc.<\/span><\/p>\n<p style=\"text-align: justify;\"><span style=\"color: #000000;\"> La question ici est : Comment peut-on exploiter ce d\u00e9veloppement comme un levier suppl\u00e9mentaire pour renforcer l&rsquo;int\u00e9grit\u00e9 territoriale ? Existe-t-il de nouvelles opportunit\u00e9s \u00e9conomiques \u00e0 saisir pour am\u00e9liorer la stabilit\u00e9 sociale et \u00e9conomique dans ces provinces ?<\/span><\/p>\n<p style=\"text-align: justify;\"><span style=\"color: #000000;\"><strong>Faire face aux man\u0153uvres : Le r\u00f4le fondamental de la diplomatie nationale<\/strong><\/span><br \/>\n<span style=\"color: #000000;\">Le roi a salu\u00e9 les efforts d\u00e9ploy\u00e9s par la diplomatie marocaine pour contrer les man\u0153uvres des ennemis. Il a soulign\u00e9 l&rsquo;importance de la participation de toutes les forces nationales, tant \u00e0 l&rsquo;int\u00e9rieur qu&rsquo;\u00e0 l&rsquo;ext\u00e9rieur du pays, dans la d\u00e9fense des droits l\u00e9gitimes du Maroc.<\/span><\/p>\n<p style=\"text-align: justify;\"><span style=\"color: #000000;\"> Ici, la question se pose : La coordination entre la diaspora marocaine \u00e0 l&rsquo;\u00e9tranger et la diplomatie marocaine peut-elle \u00eatre am\u00e9lior\u00e9e pour renforcer la d\u00e9fense de la cause nationale sur la sc\u00e8ne internationale ?<\/span><\/p>\n<p style=\"text-align: justify;\"><span style=\"color: #000000;\"><strong>L&rsquo;ouverture du Maroc : Un chemin vers le d\u00e9veloppement commun et la s\u00e9curit\u00e9 r\u00e9gionale<\/strong><\/span><br \/>\n<span style=\"color: #000000;\">Le roi a conclu son discours en affirmant que le Maroc restera ferme dans ses positions tout en continuant d&rsquo;opter pour l&rsquo;ouverture envers son environnement maghr\u00e9bin et r\u00e9gional. Il a indiqu\u00e9 que cette ouverture contribuera \u00e0 r\u00e9aliser un d\u00e9veloppement commun et \u00e0 stabiliser les peuples de la r\u00e9gion. <\/span><\/p>\n<p style=\"text-align: justify;\"><span style=\"color: #000000;\">Cependant, comment le Maroc peut-il \u00e9quilibrer son ouverture politique et diplomatique envers ses voisins tout en d\u00e9fendant ses int\u00e9r\u00eats nationaux ?<\/span><\/p>\n<p style=\"text-align: justify;\"><span style=\"color: #000000;\"><strong>R\u00e9sum\u00e9 :<\/strong><\/span><br \/>\n<span style=\"color: #000000;\">Le discours royal a r\u00e9affirm\u00e9 la clart\u00e9 de la vision concernant la question du Sahara marocain et la n\u00e9cessit\u00e9 de maintenir une mobilisation nationale et une coordination entre les diff\u00e9rentes institutions pour renforcer les acquis r\u00e9alis\u00e9s. Il a \u00e9galement soulign\u00e9 l&rsquo;importance d&rsquo;un travail diplomatique continu pour convaincre les pays r\u00e9fractaires et contrer les man\u0153uvres des ennemis, tout en capitalisant sur le d\u00e9veloppement \u00e9conomique et social dans les provinces du sud pour renforcer l&rsquo;int\u00e9grit\u00e9 territoriale.<\/span><\/p>\n<p style=\"text-align: justify;\"><span style=\"color: #000000;\"> La question principale demeure : Quelles strat\u00e9gies futures le Maroc doit-il adopter pour garantir la stabilit\u00e9 et le d\u00e9veloppement commun dans un contexte r\u00e9gional et international en mutation ?<\/span><\/p>\n","protected":false},"excerpt":{"rendered":"<p>Dans son discours historique devant les membres des deux Chambres du Parlement lors de l&rsquo;ouverture de la premi\u00e8re session de la quatri\u00e8me ann\u00e9e l\u00e9gislative de la onzi\u00e8me l\u00e9gislature, le roi Mohammed VI, que Dieu le pr\u00e9serve, a soulign\u00e9 que la position du Maroc sur la question du Sahara marocain est claire et ferme, malgr\u00e9 l&rsquo;opposition [&hellip;]<\/p>\n","protected":false},"author":2,"featured_media":563,"comment_status":"open","ping_status":"open","sticky":false,"template":"","format":"standard","meta":{"footnotes":""},"categories":[48,28,32,25,49,29],"tags":[],"class_list":{"0":"post-562","1":"post","2":"type-post","3":"status-publish","4":"format-standard","5":"has-post-thumbnail","7":"category-activites-royales","8":"category-afrique","9":"category-amerique","10":"category-europ","11":"category-le-maghreb","12":"category-moyen-orient"},"_links":{"self":[{"href":"https:\/\/diplomatique.ma\/fr\/wp-json\/wp\/v2\/posts\/562","targetHints":{"allow":["GET"]}}],"collection":[{"href":"https:\/\/diplomatique.ma\/fr\/wp-json\/wp\/v2\/posts"}],"about":[{"href":"https:\/\/diplomatique.ma\/fr\/wp-json\/wp\/v2\/types\/post"}],"author":[{"embeddable":true,"href":"https:\/\/diplomatique.ma\/fr\/wp-json\/wp\/v2\/users\/2"}],"replies":[{"embeddable":true,"href":"https:\/\/diplomatique.ma\/fr\/wp-json\/wp\/v2\/comments?post=562"}],"version-history":[{"count":1,"href":"https:\/\/diplomatique.ma\/fr\/wp-json\/wp\/v2\/posts\/562\/revisions"}],"predecessor-version":[{"id":564,"href":"https:\/\/diplomatique.ma\/fr\/wp-json\/wp\/v2\/posts\/562\/revisions\/564"}],"wp:featuredmedia":[{"embeddable":true,"href":"https:\/\/diplomatique.ma\/fr\/wp-json\/wp\/v2\/media\/563"}],"wp:attachment":[{"href":"https:\/\/diplomatique.ma\/fr\/wp-json\/wp\/v2\/media?parent=562"}],"wp:term":[{"taxonomy":"category","embeddable":true,"href":"https:\/\/diplomatique.ma\/fr\/wp-json\/wp\/v2\/categories?post=562"},{"taxonomy":"post_tag","embeddable":true,"href":"https:\/\/diplomatique.ma\/fr\/wp-json\/wp\/v2\/tags?post=562"}],"curies":[{"name":"wp","href":"https:\/\/api.w.org\/{rel}","templated":true}]}}