{"id":586,"date":"2024-10-18T21:36:53","date_gmt":"2024-10-18T21:36:53","guid":{"rendered":"https:\/\/diplomatique.ma\/fr\/?p=586"},"modified":"2024-10-18T21:40:05","modified_gmt":"2024-10-18T21:40:05","slug":"la-nomination-de-chakib-benmoussa-en-tant-que-haut-commissaire-au-plan-signe-dun-remaniement-gouvernemental-ou-continuite-des-politiques-precedentes","status":"publish","type":"post","link":"https:\/\/diplomatique.ma\/fr\/la-nomination-de-chakib-benmoussa-en-tant-que-haut-commissaire-au-plan-signe-dun-remaniement-gouvernemental-ou-continuite-des-politiques-precedentes\/","title":{"rendered":"La nomination de Chakib Benmoussa en tant que Haut-commissaire au Plan : signe d\u2019un remaniement gouvernemental ou continuit\u00e9 des politiques pr\u00e9c\u00e9dentes ?"},"content":{"rendered":"<p style=\"text-align: justify;\"><strong><span style=\"color: #000000;\">Dans le cadre des r\u00e9centes nominations effectu\u00e9es par le roi Mohammed VI, Chakib Benmoussa, ministre de l\u2019\u00c9ducation nationale, de l\u2019Enseignement pr\u00e9scolaire et des Sports, a \u00e9t\u00e9 nomm\u00e9 Haut-commissaire au Plan, succ\u00e9dant \u00e0 Ahmed Lahlimi Alami.<\/span><\/strong><\/p>\n<p style=\"text-align: justify;\"><span style=\"color: #000000;\">Cette nomination intervient dans un contexte administratif et politique marqu\u00e9 par de nombreux d\u00e9fis, soulevant la question de savoir si cette d\u00e9cision refl\u00e8te un v\u00e9ritable changement dans la strat\u00e9gie gouvernementale ou s&rsquo;il s&rsquo;agit simplement d&rsquo;un r\u00e9arrangement des cartes.<\/span><\/p>\n<p style=\"text-align: justify;\"><span style=\"color: #000000;\"><strong>Performance pass\u00e9e et crit\u00e8res d\u2019\u00e9valuation<\/strong><\/span><\/p>\n<p style=\"text-align: justify;\"><span style=\"color: #000000;\">Bien que Chakib Benmoussa ait assum\u00e9 de grandes responsabilit\u00e9s, les performances dans les secteurs de l\u2019\u00e9ducation et du sport sous sa direction n\u2019ont pas \u00e9t\u00e9 \u00e0 la hauteur des attentes. Ces deux secteurs ont \u00e9t\u00e9 confront\u00e9s \u00e0 de nombreux d\u00e9fis, tels que la faiblesse des r\u00e9sultats scolaires et le retard dans le d\u00e9veloppement des programmes sportifs.<\/span><\/p>\n<p style=\"text-align: justify;\"><span style=\"color: #000000;\">Cette nomination \u00e0 un nouveau poste refl\u00e8te-t-elle une \u00e9valuation positive de ses performances ou y a-t-il d\u2019autres consid\u00e9rations influen\u00e7ant cette d\u00e9cision ?<\/span><\/p>\n<p style=\"text-align: justify;\"><span style=\"color: #000000;\"><strong>Questions autour des nominations<\/strong><\/span><\/p>\n<p style=\"text-align: justify;\"><span style=\"color: #000000;\">Le processus de nomination aux postes sup\u00e9rieurs suscite souvent des interrogations sur l&rsquo;\u00e9quilibre entre comp\u00e9tence et loyaut\u00e9 partisane.<\/span><\/p>\n<p style=\"text-align: justify;\"><span style=\"color: #000000;\">Alors que le monde contemporain exige des dirigeants capables de s\u2019adapter aux nouveaux d\u00e9fis, dans quelle mesure Benmoussa pourra-t-il r\u00e9pondre aux exigences de son nouveau poste, compte tenu des critiques qu\u2019il a rencontr\u00e9es dans son minist\u00e8re ?<\/span><\/p>\n<p style=\"text-align: justify;\"><span style=\"color: #000000;\"><strong>Impact sur la planification strat\u00e9gique<\/strong><\/span><\/p>\n<p style=\"text-align: justify;\"><span style=\"color: #000000;\">Il est essentiel d&rsquo;examiner l&rsquo;impact de ces nominations sur la planification strat\u00e9gique au Maroc. Le succ\u00e8s dans ce domaine n\u00e9cessite l&rsquo;attraction de talents capables de faire la diff\u00e9rence. Va-t-on continuer \u00e0 s&rsquo;appuyer sur des figures issues de milieux partisans, ce qui pourrait freiner l&rsquo;innovation et exacerber la frustration des citoyens ?<\/span><\/p>\n<p style=\"text-align: justify;\"><span style=\"color: #000000;\"><strong>Conclusion<\/strong><\/span><\/p>\n<p style=\"text-align: justify;\"><span style=\"color: #000000;\">La nomination de Chakib Benmoussa au poste de Haut-commissaire au Plan pose de grands d\u00e9fis concernant les crit\u00e8res de comp\u00e9tence et de loyaut\u00e9.<\/span><\/p>\n<p style=\"text-align: justify;\"><span style=\"color: #000000;\">Il est n\u00e9cessaire de revoir les m\u00e9canismes de nomination pour garantir un \u00e9quilibre entre qualifications et consid\u00e9rations partisanes, afin d\u2019atteindre une performance administrative efficace r\u00e9pondant aux besoins actuels.<\/span><\/p>\n<p style=\"text-align: justify;\"><span style=\"color: #000000;\">La r\u00e9ussite dans ce domaine d\u00e9pendra de la capacit\u00e9 du Maroc \u00e0 surmonter les obstacles li\u00e9s \u00e0 la loyaut\u00e9 et aux orientations partisanes, et \u00e0 aller vers la mise en place d&rsquo;un syst\u00e8me administratif qui assure l&rsquo;\u00e9galit\u00e9 des chances et encourage le progr\u00e8s et l&rsquo;innovation.<\/span><\/p>\n","protected":false},"excerpt":{"rendered":"<p>Dans le cadre des r\u00e9centes nominations effectu\u00e9es par le roi Mohammed VI, Chakib Benmoussa, ministre de l\u2019\u00c9ducation nationale, de l\u2019Enseignement pr\u00e9scolaire et des Sports, a \u00e9t\u00e9 nomm\u00e9 Haut-commissaire au Plan, succ\u00e9dant \u00e0 Ahmed Lahlimi Alami. Cette nomination intervient dans un contexte administratif et politique marqu\u00e9 par de nombreux d\u00e9fis, soulevant la question de savoir si [&hellip;]<\/p>\n","protected":false},"author":2,"featured_media":587,"comment_status":"open","ping_status":"open","sticky":false,"template":"","format":"standard","meta":{"footnotes":""},"categories":[48,28,49],"tags":[],"class_list":{"0":"post-586","1":"post","2":"type-post","3":"status-publish","4":"format-standard","5":"has-post-thumbnail","7":"category-activites-royales","8":"category-afrique","9":"category-le-maghreb"},"_links":{"self":[{"href":"https:\/\/diplomatique.ma\/fr\/wp-json\/wp\/v2\/posts\/586","targetHints":{"allow":["GET"]}}],"collection":[{"href":"https:\/\/diplomatique.ma\/fr\/wp-json\/wp\/v2\/posts"}],"about":[{"href":"https:\/\/diplomatique.ma\/fr\/wp-json\/wp\/v2\/types\/post"}],"author":[{"embeddable":true,"href":"https:\/\/diplomatique.ma\/fr\/wp-json\/wp\/v2\/users\/2"}],"replies":[{"embeddable":true,"href":"https:\/\/diplomatique.ma\/fr\/wp-json\/wp\/v2\/comments?post=586"}],"version-history":[{"count":1,"href":"https:\/\/diplomatique.ma\/fr\/wp-json\/wp\/v2\/posts\/586\/revisions"}],"predecessor-version":[{"id":588,"href":"https:\/\/diplomatique.ma\/fr\/wp-json\/wp\/v2\/posts\/586\/revisions\/588"}],"wp:featuredmedia":[{"embeddable":true,"href":"https:\/\/diplomatique.ma\/fr\/wp-json\/wp\/v2\/media\/587"}],"wp:attachment":[{"href":"https:\/\/diplomatique.ma\/fr\/wp-json\/wp\/v2\/media?parent=586"}],"wp:term":[{"taxonomy":"category","embeddable":true,"href":"https:\/\/diplomatique.ma\/fr\/wp-json\/wp\/v2\/categories?post=586"},{"taxonomy":"post_tag","embeddable":true,"href":"https:\/\/diplomatique.ma\/fr\/wp-json\/wp\/v2\/tags?post=586"}],"curies":[{"name":"wp","href":"https:\/\/api.w.org\/{rel}","templated":true}]}}