{"id":631,"date":"2024-11-19T16:18:26","date_gmt":"2024-11-19T16:18:26","guid":{"rendered":"https:\/\/diplomatique.ma\/fr\/?p=631"},"modified":"2024-11-19T16:18:26","modified_gmt":"2024-11-19T16:18:26","slug":"renforcement-de-la-communication-mediatique-et-diplomatique-roles-de-lambassadeur-mohamed-bousri-des-medias-marocains-et-de-mohamed-el-jouhari-dans-le-soutien-des-causes-marocaines-et-la-gestion","status":"publish","type":"post","link":"https:\/\/diplomatique.ma\/fr\/renforcement-de-la-communication-mediatique-et-diplomatique-roles-de-lambassadeur-mohamed-bousri-des-medias-marocains-et-de-mohamed-el-jouhari-dans-le-soutien-des-causes-marocaines-et-la-gestion\/","title":{"rendered":"Renforcement de la communication m\u00e9diatique et diplomatique : R\u00f4les de l&rsquo;ambassadeur Mohamed Bousri, des m\u00e9dias marocains et de Mohamed El Jouhari dans le soutien des causes marocaines et la gestion des d\u00e9fis"},"content":{"rendered":"<p style=\"text-align: justify;\">Dans le cadre du renforcement des liens entre la communaut\u00e9 marocaine r\u00e9sidant \u00e0 l&rsquo;\u00e9tranger et les institutions de leur pays d&rsquo;origine, un \u00e9v\u00e9nement marquant a eu lieu \u00e0 Amsterdam, illustrant les efforts diplomatiques, sociaux et m\u00e9diatiques visant \u00e0 renforcer les relations entre les Marocains du monde et leur m\u00e8re patrie.<\/p>\n<h4 style=\"text-align: justify;\"><strong>Visite de l&rsquo;Association des Migrants Marocains \u00e0 l&rsquo;ambassade marocaine<\/strong><\/h4>\n<p style=\"text-align: justify;\">Un groupe de repr\u00e9sentants de l&rsquo;Association des Migrants Marocains aux Pays-Bas a visit\u00e9 l&rsquo;Ambassade du Royaume du Maroc. Lors de cette rencontre chaleureuse avec l&rsquo;ambassadeur Mohamed Bousri, le pr\u00e9sident de l&rsquo;association, Mohamed El Jouhari, a pr\u00e9sent\u00e9 des projets ambitieux, notamment la cr\u00e9ation de \u00ab\u00a0l&rsquo;Instance Marocaine des Migrants aux Pays-Bas\u00a0\u00bb. Cette initiative vise \u00e0 unifier les efforts des Marocains \u00e0 l&rsquo;\u00e9tranger pour mieux repr\u00e9senter leurs int\u00e9r\u00eats et d\u00e9fendre les causes nationales.<\/p>\n<p><img loading=\"lazy\" decoding=\"async\" class=\"aligncenter wp-image-632 size-full\" src=\"https:\/\/diplomatique.ma\/fr\/wp-content\/uploads\/2024\/11\/67619489-cd78-43d7-851a-fdbd09a1b609.jpg\" alt=\"\" width=\"800\" height=\"533\" srcset=\"https:\/\/diplomatique.ma\/fr\/wp-content\/uploads\/2024\/11\/67619489-cd78-43d7-851a-fdbd09a1b609.jpg 800w, https:\/\/diplomatique.ma\/fr\/wp-content\/uploads\/2024\/11\/67619489-cd78-43d7-851a-fdbd09a1b609-300x200.jpg 300w, https:\/\/diplomatique.ma\/fr\/wp-content\/uploads\/2024\/11\/67619489-cd78-43d7-851a-fdbd09a1b609-768x512.jpg 768w, https:\/\/diplomatique.ma\/fr\/wp-content\/uploads\/2024\/11\/67619489-cd78-43d7-851a-fdbd09a1b609-150x100.jpg 150w, https:\/\/diplomatique.ma\/fr\/wp-content\/uploads\/2024\/11\/67619489-cd78-43d7-851a-fdbd09a1b609-696x464.jpg 696w\" sizes=\"auto, (max-width: 800px) 100vw, 800px\" \/><\/p>\n<h4 style=\"text-align: justify;\"><strong>Diplomatie marocaine : Vision de l&rsquo;ambassadeur Mohamed Bousri<\/strong><\/h4>\n<p style=\"text-align: justify;\">L&rsquo;ambassadeur Mohamed Bousri incarne un mod\u00e8le de diplomate actif, combinant les r\u00f4les officiels et humanitaires. Son engagement se manifeste \u00e0 travers :<\/p>\n<ul style=\"text-align: justify;\">\n<li><strong>Renforcement des relations bilat\u00e9rales<\/strong> entre le Maroc et les Pays-Bas, gr\u00e2ce \u00e0 des initiatives culturelles et sociales.<\/li>\n<li><strong>Soutien \u00e0 la cause nationale<\/strong>, en impliquant la diaspora dans la d\u00e9fense de l&rsquo;int\u00e9grit\u00e9 territoriale du Maroc.<\/li>\n<\/ul>\n<h4 style=\"text-align: justify;\"><strong>Association des Migrants Marocains : Empowerment communautaire<\/strong><\/h4>\n<p style=\"text-align: justify;\">Sous la pr\u00e9sidence de Mohamed El Jouhari, l&rsquo;association s&rsquo;efforce de :<\/p>\n<ul style=\"text-align: justify;\">\n<li><strong>Promouvoir l&rsquo;identit\u00e9 nationale<\/strong>, via des activit\u00e9s culturelles et sociales.<\/li>\n<li><strong>Soutenir les causes nationales<\/strong>, en mobilisant la diaspora pour d\u00e9fendre les int\u00e9r\u00eats du Maroc.<\/li>\n<li><strong>\u00c9duquer les jeunes g\u00e9n\u00e9rations<\/strong>, pour maintenir leurs liens culturels avec leur pays d&rsquo;origine.<\/li>\n<\/ul>\n<h4 style=\"text-align: justify;\"><strong>Vision royale : Construire un pont entre la patrie et la diaspora<\/strong><\/h4>\n<p style=\"text-align: justify;\">Ces efforts s\u2019inscrivent dans la vision de Sa Majest\u00e9 le Roi Mohammed VI, qui a toujours insist\u00e9 sur le r\u00f4le central des Marocains du monde dans la d\u00e9fense des int\u00e9r\u00eats nationaux. Le discours royal a soulign\u00e9 :<\/p>\n<ul style=\"text-align: justify;\">\n<li><strong>La d\u00e9fense de la cause nationale<\/strong>, particuli\u00e8rement la question du Sahara marocain.<\/li>\n<li><strong>L\u2019interaction positive avec l\u2019Europe<\/strong>, tout en pr\u00e9servant l\u2019identit\u00e9 marocaine.<\/li>\n<\/ul>\n<h4 style=\"text-align: justify;\"><strong>R\u00f4le des m\u00e9dias marocains : Contributions de Jamal Soussi<\/strong><\/h4>\n<p style=\"text-align: justify;\">Les m\u00e9dias jouent un r\u00f4le cl\u00e9 dans la d\u00e9fense des int\u00e9r\u00eats marocains. Jamal Soussi, journaliste et \u00e9crivain, a mis en lumi\u00e8re les d\u00e9fis auxquels fait face la communaut\u00e9 marocaine en Europe, en d\u00e9non\u00e7ant les campagnes de d\u00e9sinformation et en renfor\u00e7ant la conscience collective.<\/p>\n<h4 style=\"text-align: justify;\"><strong>Questions importantes<\/strong><\/h4>\n<ol style=\"text-align: justify;\">\n<li>Comment renforcer la coop\u00e9ration entre diplomatie et soci\u00e9t\u00e9 civile pour r\u00e9aliser la vision royale ?<\/li>\n<li>Quels sont les principaux d\u00e9fis auxquels la diaspora marocaine est confront\u00e9e pour pr\u00e9server son identit\u00e9 culturelle ?<\/li>\n<li>Comment les m\u00e9dias marocains peuvent-ils am\u00e9liorer leur pr\u00e9sence en Europe pour lutter contre les st\u00e9r\u00e9otypes et les d\u00e9fis ?<\/li>\n<li>Quelles mesures garantiront la durabilit\u00e9 de ces efforts et leur alignement avec les politiques nationales ?<\/li>\n<\/ol>\n<h4 style=\"text-align: justify;\"><strong>Conclusion<\/strong><\/h4>\n<p style=\"text-align: justify;\">Les initiatives de l&rsquo;ambassadeur Mohamed Bousri et de Mohamed El Jouhari, ainsi que les efforts des m\u00e9dias marocains, incarnent une strat\u00e9gie int\u00e9gr\u00e9e visant \u00e0 renforcer l\u2019identit\u00e9 nationale et \u00e0 unir la diaspora \u00e0 leur patrie. Ces actions refl\u00e8tent la vision royale de Sa Majest\u00e9 le Roi Mohammed VI, contribuant ainsi \u00e0 la force douce du Maroc sur la sc\u00e8ne internationale.<\/p>\n","protected":false},"excerpt":{"rendered":"<p>Dans le cadre du renforcement des liens entre la communaut\u00e9 marocaine r\u00e9sidant \u00e0 l&rsquo;\u00e9tranger et les institutions de leur pays d&rsquo;origine, un \u00e9v\u00e9nement marquant a eu lieu \u00e0 Amsterdam, illustrant les efforts diplomatiques, sociaux et m\u00e9diatiques visant \u00e0 renforcer les relations entre les Marocains du monde et leur m\u00e8re patrie. Visite de l&rsquo;Association des Migrants [&hellip;]<\/p>\n","protected":false},"author":2,"featured_media":633,"comment_status":"open","ping_status":"open","sticky":false,"template":"","format":"standard","meta":{"footnotes":""},"categories":[47,25],"tags":[],"class_list":{"0":"post-631","1":"post","2":"type-post","3":"status-publish","4":"format-standard","5":"has-post-thumbnail","7":"category-activites-des-ambassades-et-consulats","8":"category-europ"},"_links":{"self":[{"href":"https:\/\/diplomatique.ma\/fr\/wp-json\/wp\/v2\/posts\/631","targetHints":{"allow":["GET"]}}],"collection":[{"href":"https:\/\/diplomatique.ma\/fr\/wp-json\/wp\/v2\/posts"}],"about":[{"href":"https:\/\/diplomatique.ma\/fr\/wp-json\/wp\/v2\/types\/post"}],"author":[{"embeddable":true,"href":"https:\/\/diplomatique.ma\/fr\/wp-json\/wp\/v2\/users\/2"}],"replies":[{"embeddable":true,"href":"https:\/\/diplomatique.ma\/fr\/wp-json\/wp\/v2\/comments?post=631"}],"version-history":[{"count":1,"href":"https:\/\/diplomatique.ma\/fr\/wp-json\/wp\/v2\/posts\/631\/revisions"}],"predecessor-version":[{"id":634,"href":"https:\/\/diplomatique.ma\/fr\/wp-json\/wp\/v2\/posts\/631\/revisions\/634"}],"wp:featuredmedia":[{"embeddable":true,"href":"https:\/\/diplomatique.ma\/fr\/wp-json\/wp\/v2\/media\/633"}],"wp:attachment":[{"href":"https:\/\/diplomatique.ma\/fr\/wp-json\/wp\/v2\/media?parent=631"}],"wp:term":[{"taxonomy":"category","embeddable":true,"href":"https:\/\/diplomatique.ma\/fr\/wp-json\/wp\/v2\/categories?post=631"},{"taxonomy":"post_tag","embeddable":true,"href":"https:\/\/diplomatique.ma\/fr\/wp-json\/wp\/v2\/tags?post=631"}],"curies":[{"name":"wp","href":"https:\/\/api.w.org\/{rel}","templated":true}]}}