{"id":672,"date":"2024-11-27T17:15:57","date_gmt":"2024-11-27T17:15:57","guid":{"rendered":"https:\/\/diplomatique.ma\/fr\/?p=672"},"modified":"2024-11-27T17:15:57","modified_gmt":"2024-11-27T17:15:57","slug":"le-roi-mohammed-vi-a-paris-entre-simplicite-humaine-et-applaudissements-populaires","status":"publish","type":"post","link":"https:\/\/diplomatique.ma\/fr\/le-roi-mohammed-vi-a-paris-entre-simplicite-humaine-et-applaudissements-populaires\/","title":{"rendered":"Le Roi Mohammed VI \u00e0 Paris : Entre Simplicit\u00e9 Humaine et Applaudissements Populaires"},"content":{"rendered":"<p style=\"text-align: justify;\">Un r\u00e9cent extrait vid\u00e9o montrant Sa Majest\u00e9 le Roi Mohammed VI, que Dieu l\u2019assiste, \u00e0 Paris, en train de choisir des v\u00eatements dans une boutique, a suscit\u00e9 un large engouement sur les r\u00e9seaux sociaux.<\/p>\n<p style=\"text-align: justify;\">Cette sc\u00e8ne, marqu\u00e9e par une simplicit\u00e9 et une spontan\u00e9it\u00e9 rares pour un chef d\u2019\u00c9tat, refl\u00e8te le c\u00f4t\u00e9 humain et accessible du souverain marocain, tout en soulevant des questions sur les significations et les implications de cet \u00e9v\u00e9nement.<\/p>\n<blockquote class=\"twitter-tweet\" data-width=\"550\" data-dnt=\"true\">\n<p lang=\"fr\" dir=\"ltr\">Un Moment Humain Royal : Sa Majest\u00e9 le Roi Choisit Sa Tenue \u00e0 Paris au Milieu d&#39;une Interaction Populaire et Internationale. <a href=\"https:\/\/t.co\/QfwZeKTD7U\">pic.twitter.com\/QfwZeKTD7U<\/a><\/p>\n<p>&mdash; Diplomatique.ma \u0627\u0644\u062f\u0628\u0644\u0648\u0645\u0627\u0633\u064a\u0629 (@diplomatique_ma) <a href=\"https:\/\/twitter.com\/diplomatique_ma\/status\/1861819296340439134?ref_src=twsrc%5Etfw\">November 27, 2024<\/a><\/p><\/blockquote>\n<p><script async src=\"https:\/\/platform.twitter.com\/widgets.js\" charset=\"utf-8\"><\/script><\/p>\n<h5 style=\"text-align: justify;\"><strong>Un message de proximit\u00e9 : un Roi proche de tous<\/strong><\/h5>\n<p style=\"text-align: justify;\">Le fait de voir le Roi se d\u00e9placer librement dans une boutique parisienne met en lumi\u00e8re un aspect humain peu commun chez les leaders mondiaux. Bien qu&rsquo;il soit reconnu sur la sc\u00e8ne internationale comme le souverain d\u2019un pays stable et influent dans la r\u00e9gion, Mohammed VI incarne un mod\u00e8le de leadership humble et \u00e9quilibr\u00e9.<\/p>\n<p style=\"text-align: justify;\"><strong>Pourquoi cette interaction inspire-t-elle autant d\u2019admiration ?<\/strong><\/p>\n<ul style=\"text-align: justify;\">\n<li><strong>Simplicit\u00e9 et transparence :<\/strong> Le Roi appara\u00eet toujours dans des situations qui refl\u00e8tent sa proximit\u00e9 avec son peuple, que ce soit au Maroc ou \u00e0 l\u2019\u00e9tranger.<\/li>\n<li><strong>Interaction directe :<\/strong> Ces moments traduisent une personnalit\u00e9 royale qui privil\u00e9gie la connexion humaine \u00e0 l\u2019\u00e9tiquette stricte.<\/li>\n<li><strong>Un message implicite :<\/strong> Choisir soi-m\u00eame ses v\u00eatements \u00e0 Paris envoie au monde un message de modestie et d\u2019authenticit\u00e9.<\/li>\n<\/ul>\n<h5 style=\"text-align: justify;\"><strong>R\u00e9actions des Fran\u00e7ais et reconnaissance internationale<\/strong><\/h5>\n<p style=\"text-align: justify;\">Dans la vid\u00e9o, les voix enregistr\u00e9es semblent \u00eatre celles de Fran\u00e7ais, admiratifs devant cette sc\u00e8ne inhabituelle et spontan\u00e9e. Ces r\u00e9actions refl\u00e8tent l\u2019estime internationale dont jouit le Roi, tant comme chef d\u2019\u00c9tat que comme personnalit\u00e9 charismatique.<\/p>\n<p style=\"text-align: justify;\"><strong>Qu\u2019est-ce qui explique ce respect mondial envers Mohammed VI ?<\/strong><\/p>\n<ol style=\"text-align: justify;\">\n<li><strong>Son r\u00f4le en faveur de la stabilit\u00e9 r\u00e9gionale :<\/strong> Sous sa direction, le Maroc est reconnu pour ses politiques \u00e9quilibr\u00e9es et sa contribution \u00e0 la paix r\u00e9gionale.<\/li>\n<li><strong>Diplomatie humaine :<\/strong> Le Roi place souvent les questions humanitaires au c\u0153ur de son action, notamment en Afrique et sur d\u2019autres sc\u00e8nes internationales.<\/li>\n<\/ol>\n<h5 style=\"text-align: justify;\"><strong>Paris : Une ville symbolique pour le Roi<\/strong><\/h5>\n<p style=\"text-align: justify;\">Paris, capitale mondiale de la culture et de l\u2019\u00e9l\u00e9gance, repr\u00e9sente \u00e9galement un lieu embl\u00e9matique pour Sa Majest\u00e9. Cette pr\u00e9sence souligne les liens historiques et strat\u00e9giques entre le Maroc et la France.<\/p>\n<h5 style=\"text-align: justify;\"><strong>R\u00e9actions marocaines : Entre fiert\u00e9 et admiration<\/strong><\/h5>\n<p style=\"text-align: justify;\">Les Marocains ont r\u00e9agi \u00e0 cette vid\u00e9o avec un m\u00e9lange de fiert\u00e9 et d\u2019\u00e9merveillement, remplissant les r\u00e9seaux sociaux de commentaires \u00e9logieux sur leur Roi et sur son leadership visionnaire.<\/p>\n<p style=\"text-align: justify;\"><strong>Ces r\u00e9actions traduisent-elles quelque chose de plus profond ?<\/strong><\/p>\n<ul style=\"text-align: justify;\">\n<li><strong>Renforcement des liens entre le souverain et son peuple :<\/strong> Ces moments confirment la proximit\u00e9 ressentie entre le Roi et les citoyens marocains.<\/li>\n<li><strong>Visibilit\u00e9 mondiale :<\/strong> La spontan\u00e9it\u00e9 royale attire \u00e9galement l\u2019attention internationale, renfor\u00e7ant l\u2019image du Maroc.<\/li>\n<\/ul>\n<h5 style=\"text-align: justify;\"><strong>Conclusion : Un leadership humain et universel<\/strong><\/h5>\n<p style=\"text-align: justify;\">En fin de compte, ce moment \u00e0 Paris montre que Mohammed VI est bien plus qu\u2019un chef d\u2019\u00c9tat : il est un leader proche de son peuple et respect\u00e9 dans le monde entier. Cette sc\u00e8ne simple, mais pleine de significations, incarne un message puissant sur un leadership enracin\u00e9 dans l\u2019humanit\u00e9 et la modestie.<\/p>\n","protected":false},"excerpt":{"rendered":"<p>Un r\u00e9cent extrait vid\u00e9o montrant Sa Majest\u00e9 le Roi Mohammed VI, que Dieu l\u2019assiste, \u00e0 Paris, en train de choisir des v\u00eatements dans une boutique, a suscit\u00e9 un large engouement sur les r\u00e9seaux sociaux. Cette sc\u00e8ne, marqu\u00e9e par une simplicit\u00e9 et une spontan\u00e9it\u00e9 rares pour un chef d\u2019\u00c9tat, refl\u00e8te le c\u00f4t\u00e9 humain et accessible du [&hellip;]<\/p>\n","protected":false},"author":2,"featured_media":673,"comment_status":"open","ping_status":"open","sticky":false,"template":"","format":"standard","meta":{"footnotes":""},"categories":[48,28,30,25,49,44],"tags":[],"class_list":{"0":"post-672","1":"post","2":"type-post","3":"status-publish","4":"format-standard","5":"has-post-thumbnail","7":"category-activites-royales","8":"category-afrique","9":"category-diplomatie-tv","10":"category-europ","11":"category-le-maghreb","12":"category-video"},"_links":{"self":[{"href":"https:\/\/diplomatique.ma\/fr\/wp-json\/wp\/v2\/posts\/672","targetHints":{"allow":["GET"]}}],"collection":[{"href":"https:\/\/diplomatique.ma\/fr\/wp-json\/wp\/v2\/posts"}],"about":[{"href":"https:\/\/diplomatique.ma\/fr\/wp-json\/wp\/v2\/types\/post"}],"author":[{"embeddable":true,"href":"https:\/\/diplomatique.ma\/fr\/wp-json\/wp\/v2\/users\/2"}],"replies":[{"embeddable":true,"href":"https:\/\/diplomatique.ma\/fr\/wp-json\/wp\/v2\/comments?post=672"}],"version-history":[{"count":1,"href":"https:\/\/diplomatique.ma\/fr\/wp-json\/wp\/v2\/posts\/672\/revisions"}],"predecessor-version":[{"id":674,"href":"https:\/\/diplomatique.ma\/fr\/wp-json\/wp\/v2\/posts\/672\/revisions\/674"}],"wp:featuredmedia":[{"embeddable":true,"href":"https:\/\/diplomatique.ma\/fr\/wp-json\/wp\/v2\/media\/673"}],"wp:attachment":[{"href":"https:\/\/diplomatique.ma\/fr\/wp-json\/wp\/v2\/media?parent=672"}],"wp:term":[{"taxonomy":"category","embeddable":true,"href":"https:\/\/diplomatique.ma\/fr\/wp-json\/wp\/v2\/categories?post=672"},{"taxonomy":"post_tag","embeddable":true,"href":"https:\/\/diplomatique.ma\/fr\/wp-json\/wp\/v2\/tags?post=672"}],"curies":[{"name":"wp","href":"https:\/\/api.w.org\/{rel}","templated":true}]}}