{"id":675,"date":"2024-11-28T18:36:22","date_gmt":"2024-11-28T18:36:22","guid":{"rendered":"https:\/\/diplomatique.ma\/fr\/?p=675"},"modified":"2024-11-28T18:36:22","modified_gmt":"2024-11-28T18:36:22","slug":"damsterdam-au-monde-un-discours-historique-qui-renforce-lunite-marocaine","status":"publish","type":"post","link":"https:\/\/diplomatique.ma\/fr\/damsterdam-au-monde-un-discours-historique-qui-renforce-lunite-marocaine\/","title":{"rendered":"D\u2019Amsterdam au monde : Un discours historique qui renforce l\u2019unit\u00e9 marocaine"},"content":{"rendered":"<p style=\"text-align: justify;\">Dans une ambiance nationale empreinte de fiert\u00e9 et d\u2019appartenance, l\u2019ambassade et le consulat marocains \u00e0 Amsterdam ont organis\u00e9 une double c\u00e9l\u00e9bration en l\u2019honneur de deux occasions nationales ch\u00e8res : le 49\u1d49 anniversaire de la Marche Verte et le 69\u1d49 anniversaire de l\u2019ind\u00e9pendance du Royaume du Maroc.<\/p>\n<div class=\"youtube-embed\" data-video_id=\"VvZEfcHloWg\"><iframe loading=\"lazy\" title=\"&quot;\u0627\u062d\u062a\u0641\u0627\u0644 \u0623\u0645\u0633\u062a\u0631\u062f\u0627\u0645: \u0639\u0646\u062f\u0645\u0627 \u062a\u062c\u0633\u062f \u0627\u0644\u062f\u0628\u0644\u0648\u0645\u0627\u0633\u064a\u0629 \u0627\u0644\u0645\u063a\u0631\u0628\u064a\u0629 \u0642\u064a\u0645 \u0627\u0644\u0648\u062d\u062f\u0629 \u0648\u0627\u0644\u062a\u0639\u0627\u064a\u0634&quot;\" width=\"696\" height=\"392\" src=\"https:\/\/www.youtube.com\/embed\/VvZEfcHloWg?feature=oembed&#038;enablejsapi=1\" frameborder=\"0\" allow=\"accelerometer; autoplay; clipboard-write; encrypted-media; gyroscope; picture-in-picture; web-share\" referrerpolicy=\"strict-origin-when-cross-origin\" allowfullscreen><\/iframe><\/div>\n<p style=\"text-align: justify;\">Cet \u00e9v\u00e9nement a \u00e9t\u00e9 marqu\u00e9 par une forte pr\u00e9sence de la communaut\u00e9 marocaine, qu\u2019elle soit musulmane ou juive, refl\u00e9tant l\u2019esprit de coexistence qui caract\u00e9rise l\u2019identit\u00e9 marocaine.<\/p>\n<div class=\"youtube-embed\" data-video_id=\"ajiLp3IL-4w\"><iframe loading=\"lazy\" title=\"\u0627\u062d\u062a\u0641\u0627\u0644 \u0623\u0645\u0633\u062a\u0631\u062f\u0627\u0645 \u0639\u0646\u062f\u0645\u0627 \u062a\u062c\u0633\u062f \u0627\u0644\u062f\u0628\u0644\u0648\u0645\u0627\u0633\u064a\u0629 \u0627\u0644\u0645\u063a\u0631\u0628\u064a\u0629 \u0642\u064a\u0645 \u0627\u0644\u0648\u062d\u062f\u0629 \u0648\u0627\u0644\u062a\u0639\u0627\u064a\u0634\" width=\"696\" height=\"392\" src=\"https:\/\/www.youtube.com\/embed\/ajiLp3IL-4w?feature=oembed&#038;enablejsapi=1\" frameborder=\"0\" allow=\"accelerometer; autoplay; clipboard-write; encrypted-media; gyroscope; picture-in-picture; web-share\" referrerpolicy=\"strict-origin-when-cross-origin\" allowfullscreen><\/iframe><\/div>\n<p style=\"text-align: justify;\">Au-del\u00e0 de l\u2019atmosph\u00e8re festive, le discours de l\u2019ambassadeur marocain Mohamed Basri a captiv\u00e9 l\u2019attention, \u00e9tant qualifi\u00e9 d\u2019historique en raison des messages profonds et diplomatiques qu\u2019il a transmis \u00e0 un moment o\u00f9 la communaut\u00e9 marocaine aux Pays-Bas fait face \u00e0 de grands d\u00e9fis.<\/p>\n<h3 style=\"text-align: justify;\"><strong>C\u00e9l\u00e9brations nationales sous le signe de la fiert\u00e9 et de l\u2019appartenance<\/strong><\/h3>\n<p style=\"text-align: justify;\">L\u2019ambassade marocaine \u00e0 Amsterdam a accueilli des centaines de membres de la communaut\u00e9 marocaine venus c\u00e9l\u00e9brer deux \u00e9v\u00e9nements nationaux embl\u00e9matiques. La c\u00e9r\u00e9monie a incarn\u00e9 l\u2019esprit d\u2019unit\u00e9 nationale et d\u2019attachement profond \u00e0 l\u2019identit\u00e9 marocaine, offrant une occasion de rappeler les luttes du peuple marocain pour sa libert\u00e9 et l\u2019ach\u00e8vement de son unit\u00e9 territoriale.<\/p>\n<div class=\"youtube-embed\" data-video_id=\"mohh0CDs7GI\"><iframe loading=\"lazy\" title=\"&quot;\u0627\u062d\u062a\u0641\u0627\u0644 \u0627\u0644\u0633\u0641\u0627\u0631\u0629 \u0627\u0644\u0645\u063a\u0631\u0628\u064a\u0629 \u0628\u0623\u0645\u0633\u062a\u0631\u062f\u0627\u0645: \u0631\u0633\u0627\u0644\u0629 \u0633\u0644\u0627\u0645 \u0648\u062a\u0633\u0627\u0645\u062d \u0644\u0644\u062c\u0627\u0644\u064a\u0629&quot;\" width=\"696\" height=\"392\" src=\"https:\/\/www.youtube.com\/embed\/mohh0CDs7GI?feature=oembed&#038;enablejsapi=1\" frameborder=\"0\" allow=\"accelerometer; autoplay; clipboard-write; encrypted-media; gyroscope; picture-in-picture; web-share\" referrerpolicy=\"strict-origin-when-cross-origin\" allowfullscreen><\/iframe><\/div>\n<p style=\"text-align: justify;\">Les participants ont exprim\u00e9 leur fiert\u00e9 face aux r\u00e9alisations nationales sous la direction \u00e9clair\u00e9e de Sa Majest\u00e9 le Roi Mohammed VI, en soulignant le mod\u00e8le de d\u00e9veloppement que suit le Royaume, alliant ambition \u00e9conomique et coh\u00e9sion sociale.<\/p>\n<h3 style=\"text-align: justify;\"><strong>Mohamed Basri : Une vision diplomatique au-del\u00e0 des fronti\u00e8res<\/strong><\/h3>\n<p style=\"text-align: justify;\">Dans son discours, d\u00e9crit comme \u00ab historique \u00bb par les participants, l\u2019ambassadeur Mohamed Basri a \u00e9voqu\u00e9 les significations des deux \u00e9v\u00e9nements nationaux, affirmant que la Marche Verte et l\u2019ind\u00e9pendance sont les pierres angulaires de la construction d\u2019un Maroc fort et uni. Il a soulign\u00e9 que ces c\u00e9l\u00e9brations ne sont pas seulement l\u2019occasion de comm\u00e9morer un pass\u00e9 glorieux, mais \u00e9galement de renouveler l\u2019engagement envers les valeurs nationales.<\/p>\n<p style=\"text-align: justify;\">L\u2019ambassadeur a abord\u00e9 les d\u00e9fis auxquels fait face la communaut\u00e9 marocaine \u00e0 l\u2019\u00e9tranger, en particulier les r\u00e9centes accusations \u00e0 son encontre lors d\u2019\u00e9v\u00e9nements sportifs aux Pays-Bas. Il a affirm\u00e9 que ces tensions ne peuvent en aucun cas affecter les liens solides qui unissent les composantes de la communaut\u00e9, qu\u2019elles soient musulmanes ou juives, insistant sur le fait que l\u2019identit\u00e9 marocaine puise sa force dans la diversit\u00e9 et la coexistence.<\/p>\n<h3 style=\"text-align: justify;\"><strong>La communaut\u00e9 marocaine : Un pont de coexistence et un d\u00e9fenseur des causes nationales<\/strong><\/h3>\n<p style=\"text-align: justify;\">L\u2019ambassadeur a r\u00e9serv\u00e9 une partie de son discours \u00e0 la reconnaissance du r\u00f4le central de la communaut\u00e9 marocaine dans le renforcement de l\u2019image du Maroc \u00e0 l\u2019international et la d\u00e9fense de ses causes nationales, notamment celle du Sahara marocain. Il a pr\u00e9cis\u00e9 que les Marocains \u00e0 l\u2019\u00e9tranger ne sont pas seulement des ambassadeurs de la culture et des traditions marocaines, mais aussi une force agissante dans la construction de ponts de compr\u00e9hension et le renforcement des liens avec d\u2019autres peuples.<\/p>\n<p><img loading=\"lazy\" decoding=\"async\" class=\"alignnone wp-image-677 size-full\" src=\"https:\/\/diplomatique.ma\/fr\/wp-content\/uploads\/2024\/11\/03.jpg\" alt=\"\" width=\"800\" height=\"644\" srcset=\"https:\/\/diplomatique.ma\/fr\/wp-content\/uploads\/2024\/11\/03.jpg 800w, https:\/\/diplomatique.ma\/fr\/wp-content\/uploads\/2024\/11\/03-300x242.jpg 300w, https:\/\/diplomatique.ma\/fr\/wp-content\/uploads\/2024\/11\/03-768x618.jpg 768w, https:\/\/diplomatique.ma\/fr\/wp-content\/uploads\/2024\/11\/03-150x121.jpg 150w, https:\/\/diplomatique.ma\/fr\/wp-content\/uploads\/2024\/11\/03-696x560.jpg 696w\" sizes=\"auto, (max-width: 800px) 100vw, 800px\" \/><\/p>\n<p style=\"text-align: justify;\">Il a \u00e9galement soulign\u00e9 que la pr\u00e9sence des membres de la communaut\u00e9, musulmans et juifs, illustre la profondeur de la coexistence commune qui distingue l\u2019identit\u00e9 marocaine. Sous la conduite de Sa Majest\u00e9 le Roi Mohammed VI, le Maroc reste un mod\u00e8le de tol\u00e9rance et de diversit\u00e9 culturelle qui inspire le monde.<\/p>\n<h3 style=\"text-align: justify;\"><strong>L\u2019histoire marocaine : Un phare de coexistence et de paix<\/strong><\/h3>\n<p style=\"text-align: justify;\">L\u2019ambassadeur Basri a \u00e9voqu\u00e9 le r\u00f4le historique du Maroc comme refuge pour les pers\u00e9cut\u00e9s dans leurs pays d\u2019origine en raison de leurs croyances religieuses, affirmant que l\u2019esprit de coexistence et de tol\u00e9rance n\u2019est pas seulement un h\u00e9ritage historique, mais une approche durable adopt\u00e9e par le Royaume. Il a ajout\u00e9 que cet esprit marocain authentique constitue un mod\u00e8le pratique de coexistence entre diff\u00e9rentes cultures et religions.<\/p>\n<p><img loading=\"lazy\" decoding=\"async\" class=\"alignnone wp-image-676 size-full\" src=\"https:\/\/diplomatique.ma\/fr\/wp-content\/uploads\/2024\/11\/01.jpg\" alt=\"\" width=\"800\" height=\"600\" srcset=\"https:\/\/diplomatique.ma\/fr\/wp-content\/uploads\/2024\/11\/01.jpg 800w, https:\/\/diplomatique.ma\/fr\/wp-content\/uploads\/2024\/11\/01-300x225.jpg 300w, https:\/\/diplomatique.ma\/fr\/wp-content\/uploads\/2024\/11\/01-768x576.jpg 768w, https:\/\/diplomatique.ma\/fr\/wp-content\/uploads\/2024\/11\/01-150x113.jpg 150w, https:\/\/diplomatique.ma\/fr\/wp-content\/uploads\/2024\/11\/01-696x522.jpg 696w\" sizes=\"auto, (max-width: 800px) 100vw, 800px\" \/><\/p>\n<h3 style=\"text-align: justify;\"><strong>Un message national qui transcende les fronti\u00e8res<\/strong><\/h3>\n<p style=\"text-align: justify;\">En conclusion, l\u2019ambassadeur Mohamed Basri a d\u00e9livr\u00e9 un message clair : le Maroc, sous la direction \u00e9clair\u00e9e de Sa Majest\u00e9 le Roi Mohammed VI, demeure fort gr\u00e2ce \u00e0 son unit\u00e9 nationale et ses valeurs profondes. Cette c\u00e9r\u00e9monie a r\u00e9ussi \u00e0 offrir une image \u00e9clatante du Royaume, une terre d\u2019hospitalit\u00e9, de tol\u00e9rance et de diversit\u00e9 culturelle.<\/p>\n","protected":false},"excerpt":{"rendered":"<p>Dans une ambiance nationale empreinte de fiert\u00e9 et d\u2019appartenance, l\u2019ambassade et le consulat marocains \u00e0 Amsterdam ont organis\u00e9 une double c\u00e9l\u00e9bration en l\u2019honneur de deux occasions nationales ch\u00e8res : le 49\u1d49 anniversaire de la Marche Verte et le 69\u1d49 anniversaire de l\u2019ind\u00e9pendance du Royaume du Maroc. Cet \u00e9v\u00e9nement a \u00e9t\u00e9 marqu\u00e9 par une forte pr\u00e9sence [&hellip;]<\/p>\n","protected":false},"author":2,"featured_media":678,"comment_status":"open","ping_status":"open","sticky":false,"template":"","format":"standard","meta":{"footnotes":""},"categories":[47,28,25,49,44],"tags":[],"class_list":{"0":"post-675","1":"post","2":"type-post","3":"status-publish","4":"format-standard","5":"has-post-thumbnail","7":"category-activites-des-ambassades-et-consulats","8":"category-afrique","9":"category-europ","10":"category-le-maghreb","11":"category-video"},"_links":{"self":[{"href":"https:\/\/diplomatique.ma\/fr\/wp-json\/wp\/v2\/posts\/675","targetHints":{"allow":["GET"]}}],"collection":[{"href":"https:\/\/diplomatique.ma\/fr\/wp-json\/wp\/v2\/posts"}],"about":[{"href":"https:\/\/diplomatique.ma\/fr\/wp-json\/wp\/v2\/types\/post"}],"author":[{"embeddable":true,"href":"https:\/\/diplomatique.ma\/fr\/wp-json\/wp\/v2\/users\/2"}],"replies":[{"embeddable":true,"href":"https:\/\/diplomatique.ma\/fr\/wp-json\/wp\/v2\/comments?post=675"}],"version-history":[{"count":1,"href":"https:\/\/diplomatique.ma\/fr\/wp-json\/wp\/v2\/posts\/675\/revisions"}],"predecessor-version":[{"id":679,"href":"https:\/\/diplomatique.ma\/fr\/wp-json\/wp\/v2\/posts\/675\/revisions\/679"}],"wp:featuredmedia":[{"embeddable":true,"href":"https:\/\/diplomatique.ma\/fr\/wp-json\/wp\/v2\/media\/678"}],"wp:attachment":[{"href":"https:\/\/diplomatique.ma\/fr\/wp-json\/wp\/v2\/media?parent=675"}],"wp:term":[{"taxonomy":"category","embeddable":true,"href":"https:\/\/diplomatique.ma\/fr\/wp-json\/wp\/v2\/categories?post=675"},{"taxonomy":"post_tag","embeddable":true,"href":"https:\/\/diplomatique.ma\/fr\/wp-json\/wp\/v2\/tags?post=675"}],"curies":[{"name":"wp","href":"https:\/\/api.w.org\/{rel}","templated":true}]}}