{"id":686,"date":"2024-12-05T00:28:27","date_gmt":"2024-12-05T00:28:27","guid":{"rendered":"https:\/\/diplomatique.ma\/fr\/?p=686"},"modified":"2024-12-05T09:44:51","modified_gmt":"2024-12-05T09:44:51","slug":"le-parlement-francais-retire-sa-confiance-au-gouvernement-de-michel-barnier-un-tournant-politique-sans-precedent","status":"publish","type":"post","link":"https:\/\/diplomatique.ma\/fr\/le-parlement-francais-retire-sa-confiance-au-gouvernement-de-michel-barnier-un-tournant-politique-sans-precedent\/","title":{"rendered":"Le Parlement fran\u00e7ais retire sa confiance au gouvernement de Michel Barnier : un tournant politique sans pr\u00e9c\u00e9dent"},"content":{"rendered":"<p style=\"text-align: justify;\">Dans une \u00e9tape historique in\u00e9dite depuis 62 ans, le Parlement fran\u00e7ais a d\u00e9cid\u00e9 de retirer sa confiance au gouvernement du Premier ministre Michel Barnier, apr\u00e8s que la majorit\u00e9 a vot\u00e9 en faveur de la motion de censure pr\u00e9sent\u00e9e par l\u2019alliance de la \u00ab Nouvelle Front populaire \u00bb des partis de gauche, rejointe par les d\u00e9put\u00e9s du parti d&rsquo;extr\u00eame droite \u00ab Rassemblement National \u00bb.<\/p>\n<p>https:\/\/twitter.com\/France24_ar\/status\/1864392428674793714<\/p>\n<p style=\"text-align: justify;\">Ce vote intervient apr\u00e8s que Barnier, nomm\u00e9 il y a seulement trois mois, a invoqu\u00e9 l&rsquo;article 49.3 de la Constitution fran\u00e7aise, permettant au gouvernement de faire adopter des projets de loi sans vote parlementaire. Cette proc\u00e9dure concernait le projet de budget de la S\u00e9curit\u00e9 sociale pour 2025, rejet\u00e9 par plusieurs blocs politiques.<\/p>\n<p style=\"text-align: justify;\"><strong>Quelles sont les raisons r\u00e9elles de l\u2019utilisation de l\u2019article 49.3 ?<\/strong><br \/>\nCet \u00e9v\u00e9nement soul\u00e8ve de nombreuses questions sur les motivations de Michel Barnier \u00e0 recourir \u00e0 l&rsquo;article 49.3. \u00c9tait-ce une d\u00e9cision strat\u00e9gique ou une n\u00e9cessit\u00e9 impos\u00e9e par la division politique en France ? Le gouvernement s\u2019est retrouv\u00e9 dans une situation difficile apr\u00e8s les \u00e9lections l\u00e9gislatives anticip\u00e9es qui ont abouti \u00e0 un Parlement fragment\u00e9, compliquant l\u2019adoption des lois par des moyens traditionnels. Cela repr\u00e9sente-t-il une tentative de maintenir la stabilit\u00e9 gouvernementale ou refl\u00e8te-t-il la fragilit\u00e9 du syst\u00e8me politique fran\u00e7ais ?<\/p>\n<p>https:\/\/twitter.com\/AlertesInfos\/status\/1864390896113856776<\/p>\n<p style=\"text-align: justify;\"><strong>Impact \u00e9conomique et politique \u00e0 long terme<\/strong><br \/>\nDans un contexte o\u00f9 la France fait face \u00e0 un d\u00e9ficit budg\u00e9taire important, ce vote soul\u00e8ve des questions sur ses r\u00e9percussions \u00e9conomiques et ses relations avec l\u2019Union europ\u00e9enne. Ce retrait de confiance compliquera-t-il davantage la situation financi\u00e8re du pays sous pression \u00e9conomique ? Quel impact cela aura-t-il sur les orientations \u00e9conomiques et les r\u00e9formes financi\u00e8res n\u00e9cessaires ? Ce vote pourrait avoir des cons\u00e9quences significatives sur la capacit\u00e9 du gouvernement fran\u00e7ais \u00e0 honorer ses engagements europ\u00e9ens dans un climat de crise \u00e9conomique mondiale.<\/p>\n<p style=\"text-align: justify;\"><strong>Crise de confiance et d\u00e9fis pour Macron<\/strong><br \/>\nD&rsquo;autre part, le pr\u00e9sident Emmanuel Macron fait face \u00e0 des pressions intenses dans ces circonstances. Alors qu\u2019il se pr\u00e9pare \u00e0 rencontrer le pr\u00e9sident am\u00e9ricain Donald Trump lors d\u2019une visite officielle \u00e0 Paris, Macron se retrouve dans une position tr\u00e8s d\u00e9licate. Ne souhaitant pas appara\u00eetre sans gouvernement stable devant son homologue am\u00e9ricain, Macron s\u2019active pour nommer un successeur \u00e0 Barnier. Quelles seront les priorit\u00e9s de Macron pour choisir un nouveau Premier ministre ? Optera-t-il pour une figure capable de r\u00e9tablir la stabilit\u00e9 politique interne ou cherchera-t-il un compromis garantissant un \u00e9quilibre des forces au sein du Parlement ?<\/p>\n<p style=\"text-align: justify;\"><strong>Qui h\u00e9ritera du poste de Premier ministre ?<\/strong><br \/>\nDans ce contexte politique instable, plusieurs noms \u00e9mergent comme successeurs potentiels de Michel Barnier. S\u00e9bastien Lecornu, ministre des Arm\u00e9es, est consid\u00e9r\u00e9 comme l\u2019un des favoris, \u00e9tant proche de Macron. Mais sa nomination garantirait-elle la stabilit\u00e9, ou la crise imposera-t-elle un autre choix ? Fran\u00e7ois Bayrou, leader du parti \u00ab Union pour la d\u00e9mocratie fran\u00e7aise \u00bb et alli\u00e9 cl\u00e9 de Macron, figure \u00e9galement parmi les candidats. Que signifierait le choix de l\u2019un ou l\u2019autre dans ce contexte tendu ?<\/p>\n<p style=\"text-align: justify;\"><strong>Les relations avec l\u2019Union europ\u00e9enne en p\u00e9ril ?<\/strong><br \/>\nL\u2019impact de ce vote sur les relations entre la France et l\u2019Union europ\u00e9enne est crucial. Ce d\u00e9veloppement affaiblira-t-il la capacit\u00e9 de la France \u00e0 honorer ses engagements financiers et politiques au sein de l\u2019Union ? \u00c0 un moment critique, o\u00f9 d\u2019autres gouvernements europ\u00e9ens, comme en Allemagne, affrontent leurs propres crises internes, la France risque-t-elle un isolement politique accru suite \u00e0 ce vote ?<\/p>\n<p style=\"text-align: justify;\"><strong>Conclusion : \u00e0 un carrefour politique<\/strong><br \/>\nEn fin de compte, la France se trouve \u00e0 un carrefour politique crucial. Le choix d\u2019un nouveau Premier ministre aura des r\u00e9percussions majeures sur la stabilit\u00e9 gouvernementale, les relations avec le Parlement, ainsi que sur les orientations \u00e9conomiques et les r\u00e9formes n\u00e9cessaires. Macron pourra-t-il trouver le bon \u00e9quilibre dans cette p\u00e9riode sensible ? Quelles seront les implications de cette d\u00e9cision pour l\u2019avenir politique et \u00e9conomique de la France ?<\/p>\n<p style=\"text-align: justify;\">Ce tournant historique dans la politique fran\u00e7aise refl\u00e8te une situation de confusion politique et \u00e9conomique qui pourrait avoir des cons\u00e9quences profondes \u00e0 long terme.<\/p>\n<h3 style=\"text-align: justify;\"><\/h3>\n","protected":false},"excerpt":{"rendered":"<p>Dans une \u00e9tape historique in\u00e9dite depuis 62 ans, le Parlement fran\u00e7ais a d\u00e9cid\u00e9 de retirer sa confiance au gouvernement du Premier ministre Michel Barnier, apr\u00e8s que la majorit\u00e9 a vot\u00e9 en faveur de la motion de censure pr\u00e9sent\u00e9e par l\u2019alliance de la \u00ab Nouvelle Front populaire \u00bb des partis de gauche, rejointe par les d\u00e9put\u00e9s [&hellip;]<\/p>\n","protected":false},"author":2,"featured_media":687,"comment_status":"open","ping_status":"open","sticky":false,"template":"","format":"standard","meta":{"footnotes":""},"categories":[25,23,44],"tags":[],"class_list":{"0":"post-686","1":"post","2":"type-post","3":"status-publish","4":"format-standard","5":"has-post-thumbnail","7":"category-europ","8":"category-politique","9":"category-video"},"_links":{"self":[{"href":"https:\/\/diplomatique.ma\/fr\/wp-json\/wp\/v2\/posts\/686","targetHints":{"allow":["GET"]}}],"collection":[{"href":"https:\/\/diplomatique.ma\/fr\/wp-json\/wp\/v2\/posts"}],"about":[{"href":"https:\/\/diplomatique.ma\/fr\/wp-json\/wp\/v2\/types\/post"}],"author":[{"embeddable":true,"href":"https:\/\/diplomatique.ma\/fr\/wp-json\/wp\/v2\/users\/2"}],"replies":[{"embeddable":true,"href":"https:\/\/diplomatique.ma\/fr\/wp-json\/wp\/v2\/comments?post=686"}],"version-history":[{"count":1,"href":"https:\/\/diplomatique.ma\/fr\/wp-json\/wp\/v2\/posts\/686\/revisions"}],"predecessor-version":[{"id":688,"href":"https:\/\/diplomatique.ma\/fr\/wp-json\/wp\/v2\/posts\/686\/revisions\/688"}],"wp:featuredmedia":[{"embeddable":true,"href":"https:\/\/diplomatique.ma\/fr\/wp-json\/wp\/v2\/media\/687"}],"wp:attachment":[{"href":"https:\/\/diplomatique.ma\/fr\/wp-json\/wp\/v2\/media?parent=686"}],"wp:term":[{"taxonomy":"category","embeddable":true,"href":"https:\/\/diplomatique.ma\/fr\/wp-json\/wp\/v2\/categories?post=686"},{"taxonomy":"post_tag","embeddable":true,"href":"https:\/\/diplomatique.ma\/fr\/wp-json\/wp\/v2\/tags?post=686"}],"curies":[{"name":"wp","href":"https:\/\/api.w.org\/{rel}","templated":true}]}}