{"id":779,"date":"2025-01-21T20:04:50","date_gmt":"2025-01-21T20:04:50","guid":{"rendered":"https:\/\/diplomatique.ma\/fr\/?p=779"},"modified":"2025-01-21T20:04:50","modified_gmt":"2025-01-21T20:04:50","slug":"trump-celebre-les-champions-sportifs-un-hommage-qui-realise-les-reves-tandis-quau-maroc-les-reves-sont-voles-et-les-realisations-effacees","status":"publish","type":"post","link":"https:\/\/diplomatique.ma\/fr\/trump-celebre-les-champions-sportifs-un-hommage-qui-realise-les-reves-tandis-quau-maroc-les-reves-sont-voles-et-les-realisations-effacees\/","title":{"rendered":"\u00ab\u00a0Trump c\u00e9l\u00e8bre les champions sportifs : un hommage qui r\u00e9alise les r\u00eaves&#8230; tandis qu&rsquo;au Maroc, les r\u00eaves sont vol\u00e9s et les r\u00e9alisations effac\u00e9es\u00a0\u00bb"},"content":{"rendered":"<p style=\"text-align: justify;\">Dans une sc\u00e8ne majestueuse lors de l&rsquo;investiture de Donald Trump comme pr\u00e9sident des \u00c9tats-Unis, les discours politiques n&rsquo;\u00e9taient pas les seuls \u00e0 attirer l&rsquo;attention. Un moment marquant a eu lieu lorsque le nouveau pr\u00e9sident a honor\u00e9 des champions sportifs, soulignant que les r\u00e9alisations sportives font partie int\u00e9grante de la construction des soci\u00e9t\u00e9s. Dana White, pr\u00e9sident de l&rsquo;UFC, et Joe Rogan, personnalit\u00e9 m\u00e9diatique influente, se tenaient \u00e0 ses c\u00f4t\u00e9s en tant que symboles de reconnaissance pour la valeur du sport et de ses artisans.<\/p>\n<p style=\"text-align: justify;\"><strong>Le sport : un pilier de la reconnaissance et de la fiert\u00e9<\/strong><br \/>\nL\u2019hommage de Trump \u00e0 ces personnalit\u00e9s n\u2019\u00e9tait pas qu\u2019un geste symbolique, mais un message puissant mettant en avant la place des sportifs et leur r\u00f4le dans l\u2019\u00e9l\u00e9vation du nom de leur nation. Trump, connu pour sa passion pour le sport et ses relations \u00e9troites avec ses grandes figures, refl\u00e8te une approche qui soutient les talents et honore les r\u00e9alisations sans discrimination ni pr\u00e9jug\u00e9.<\/p>\n<p style=\"text-align: justify;\"><strong>Et au Maroc ?<\/strong><br \/>\nAlors que le sport occupe le devant de la sc\u00e8ne avec des hommages et des c\u00e9l\u00e9brations dans des pays comme les \u00c9tats-Unis, une image totalement diff\u00e9rente \u00e9merge au Maroc, o\u00f9 les r\u00eaves sont vol\u00e9s et les r\u00e9alisations effac\u00e9es. L\u2019histoire de Jamal Soussi repr\u00e9sente un exemple clair de cette r\u00e9alit\u00e9 douloureuse.<\/p>\n<blockquote class=\"wp-embedded-content\" data-secret=\"Z5OhywhrVU\"><p><a href=\"https:\/\/diplomatique.ma\/fr\/jamal-soussi-une-voix-marocaine-marginalisee-et-confrontee-a-labus-de-pouvoir-en-raison-de-son-appartenance-amazighe-dans-une-lutte-pour-lidentite-et-la-justice\/\">\u00ab\u00a0Jamal Soussi : Une voix marocaine marginalis\u00e9e et confront\u00e9e \u00e0 l&rsquo;abus de pouvoir en raison de son appartenance amazighe, dans une lutte pour l&rsquo;identit\u00e9 et la justice.\u00a0\u00bb<\/a><\/p><\/blockquote>\n<p><iframe loading=\"lazy\" class=\"wp-embedded-content\" sandbox=\"allow-scripts\" security=\"restricted\" style=\"position: absolute; visibility: hidden;\" title=\"\u00ab\u00a0\u00ab\u00a0Jamal Soussi : Une voix marocaine marginalis\u00e9e et confront\u00e9e \u00e0 l&rsquo;abus de pouvoir en raison de son appartenance amazighe, dans une lutte pour l&rsquo;identit\u00e9 et la justice.\u00a0\u00bb\u00a0\u00bb &#8212; Diplomatique\" src=\"https:\/\/diplomatique.ma\/fr\/jamal-soussi-une-voix-marocaine-marginalisee-et-confrontee-a-labus-de-pouvoir-en-raison-de-son-appartenance-amazighe-dans-une-lutte-pour-lidentite-et-la-justice\/embed\/#?secret=I6ZXkYdpe3#?secret=Z5OhywhrVU\" data-secret=\"Z5OhywhrVU\" width=\"600\" height=\"338\" frameborder=\"0\" marginwidth=\"0\" marginheight=\"0\" scrolling=\"no\"><\/iframe><\/p>\n<p style=\"text-align: justify;\"><strong>Qui est Jamal Soussi ?<\/strong><br \/>\nSoussi, titulaire d&rsquo;une ceinture noire en jiu-jitsu br\u00e9silien au plus haut rang mondial sous la supervision du ma\u00eetre Mauricio Rob De Almeida, a fond\u00e9 la F\u00e9d\u00e9ration Royale Marocaine de Jiu-Jitsu Br\u00e9silien et des Arts Martiaux Mixtes. Cependant, au lieu de recevoir le soutien et la reconnaissance, il fait face \u00e0 une guerre acharn\u00e9e men\u00e9e par des entit\u00e9s influentes pr\u00e9tendant agir sous des \u00ab\u00a0instructions sup\u00e9rieures\u00a0\u00bb.<\/p>\n<p style=\"text-align: justify;\"><strong>Exclusion et marginalisation : une souffrance continue<\/strong><br \/>\nLors d&rsquo;un incident choquant, l&rsquo;ancien ministre de la Jeunesse et des Sports lui a d\u00e9clar\u00e9 : <strong>\u00ab\u00a0Tant que je suis en vie, tu ne seras pas pr\u00e9sident d&rsquo;une f\u00e9d\u00e9ration royale si tu es Soussi.\u00a0\u00bb<\/strong> Cette d\u00e9claration r\u00e9sume une lutte acharn\u00e9e qui d\u00e9passe la personne de Soussi et soul\u00e8ve des questions plus profondes : l\u2019appartenance amazighe peut-elle \u00eatre un obstacle \u00e0 l\u2019ambition ?<\/p>\n<p style=\"text-align: justify;\"><strong>Un projet sportif combattu au lieu d\u2019\u00eatre soutenu<\/strong><br \/>\nBien que la F\u00e9d\u00e9ration Royale fond\u00e9e par Soussi ait satisfait \u00e0 toutes les exigences l\u00e9gales, les autorit\u00e9s concern\u00e9es ont trait\u00e9 ce projet avec m\u00e9pris, entravant son chemin malgr\u00e9 les d\u00e9cisions minist\u00e9rielles et les documents officiels prouvant sa l\u00e9gitimit\u00e9.<\/p>\n<p style=\"text-align: justify;\"><strong>Pourquoi Soussi est-il marginalis\u00e9 ?<\/strong><br \/>\nSi Trump c\u00e9l\u00e8bre des champions comme Dana White et Joe Rogan, qu\u2019est-ce qui emp\u00eache le Maroc de rendre hommage \u00e0 une personnalit\u00e9 comme Soussi ? Ses r\u00e9alisations ne sont-elles pas \u00e9quivalentes ou sup\u00e9rieures \u00e0 celles de ses pairs ? Peut-on imaginer que les relations et l&rsquo;influence soient le v\u00e9ritable crit\u00e8re de reconnaissance, plut\u00f4t que la comp\u00e9tence et les r\u00e9alisations ?<\/p>\n<p style=\"text-align: justify;\"><strong>Un appel \u00e0 la justice pour Jamal Soussi<\/strong><br \/>\nLe dossier de Soussi n&rsquo;est pas qu&rsquo;une histoire personnelle, mais un v\u00e9ritable test pour les valeurs recherch\u00e9es par les Marocains : justice, \u00e9galit\u00e9 et reconnaissance. Les autorit\u00e9s officielles se mobiliseront-elles pour rendre justice ? Sa voix atteindra-t-elle le palais royal pour mettre fin \u00e0 cette exclusion syst\u00e9matique ?<\/p>\n<p style=\"text-align: justify;\"><strong>Une v\u00e9ritable affaire nationale<\/strong><br \/>\nMarginaliser une comp\u00e9tence nationale comme Jamal Soussi est une perte pour tout le monde. L\u2019avenir du Maroc ne se construit pas avec l\u2019exclusion, mais en accueillant les talents et en les soutenant. Soussi obtiendra-t-il la justice qu\u2019il m\u00e9rite, ou son r\u00eave rejoindra-t-il la liste des r\u00eaves vol\u00e9s ?<\/p>\n<p style=\"text-align: justify;\"><strong>Quelle le\u00e7on tirer ?<\/strong><br \/>\nLa sc\u00e8ne de Trump aux c\u00f4t\u00e9s des champions sportifs nous rappelle que les dirigeants du monde ne se contentent pas de faire des politiques, mais soutiennent ceux qui permettent \u00e0 leurs peuples de relever la t\u00eate avec fiert\u00e9. Alors, quand le Maroc r\u00e9alisera-t-il que ses fils sont sa v\u00e9ritable richesse ?<\/p>\n","protected":false},"excerpt":{"rendered":"<p>Dans une sc\u00e8ne majestueuse lors de l&rsquo;investiture de Donald Trump comme pr\u00e9sident des \u00c9tats-Unis, les discours politiques n&rsquo;\u00e9taient pas les seuls \u00e0 attirer l&rsquo;attention. Un moment marquant a eu lieu lorsque le nouveau pr\u00e9sident a honor\u00e9 des champions sportifs, soulignant que les r\u00e9alisations sportives font partie int\u00e9grante de la construction des soci\u00e9t\u00e9s. Dana White, pr\u00e9sident [&hellip;]<\/p>\n","protected":false},"author":2,"featured_media":780,"comment_status":"open","ping_status":"open","sticky":false,"template":"","format":"standard","meta":{"footnotes":""},"categories":[28,34,49],"tags":[],"class_list":{"0":"post-779","1":"post","2":"type-post","3":"status-publish","4":"format-standard","5":"has-post-thumbnail","7":"category-afrique","8":"category-amerique-centrale","9":"category-le-maghreb"},"_links":{"self":[{"href":"https:\/\/diplomatique.ma\/fr\/wp-json\/wp\/v2\/posts\/779","targetHints":{"allow":["GET"]}}],"collection":[{"href":"https:\/\/diplomatique.ma\/fr\/wp-json\/wp\/v2\/posts"}],"about":[{"href":"https:\/\/diplomatique.ma\/fr\/wp-json\/wp\/v2\/types\/post"}],"author":[{"embeddable":true,"href":"https:\/\/diplomatique.ma\/fr\/wp-json\/wp\/v2\/users\/2"}],"replies":[{"embeddable":true,"href":"https:\/\/diplomatique.ma\/fr\/wp-json\/wp\/v2\/comments?post=779"}],"version-history":[{"count":1,"href":"https:\/\/diplomatique.ma\/fr\/wp-json\/wp\/v2\/posts\/779\/revisions"}],"predecessor-version":[{"id":781,"href":"https:\/\/diplomatique.ma\/fr\/wp-json\/wp\/v2\/posts\/779\/revisions\/781"}],"wp:featuredmedia":[{"embeddable":true,"href":"https:\/\/diplomatique.ma\/fr\/wp-json\/wp\/v2\/media\/780"}],"wp:attachment":[{"href":"https:\/\/diplomatique.ma\/fr\/wp-json\/wp\/v2\/media?parent=779"}],"wp:term":[{"taxonomy":"category","embeddable":true,"href":"https:\/\/diplomatique.ma\/fr\/wp-json\/wp\/v2\/categories?post=779"},{"taxonomy":"post_tag","embeddable":true,"href":"https:\/\/diplomatique.ma\/fr\/wp-json\/wp\/v2\/tags?post=779"}],"curies":[{"name":"wp","href":"https:\/\/api.w.org\/{rel}","templated":true}]}}