{"id":785,"date":"2025-01-25T02:24:42","date_gmt":"2025-01-25T02:24:42","guid":{"rendered":"https:\/\/diplomatique.ma\/fr\/?p=785"},"modified":"2025-01-25T12:30:41","modified_gmt":"2025-01-25T12:30:41","slug":"linitiative-marocaine-dautonomie-la-solution-qui-a-emerveille-le-monde-et-obtenu-le-soutien-du-senat-chilien","status":"publish","type":"post","link":"https:\/\/diplomatique.ma\/fr\/linitiative-marocaine-dautonomie-la-solution-qui-a-emerveille-le-monde-et-obtenu-le-soutien-du-senat-chilien\/","title":{"rendered":"\u00ab\u00a0L&rsquo;initiative marocaine d\u2019autonomie : la solution qui a \u00e9merveill\u00e9 le monde et obtenu le soutien du S\u00e9nat chilien\u00a0\u00bb"},"content":{"rendered":"<p style=\"text-align: justify;\"><strong>L\u2019initiative<\/strong> marocaine d\u2019autonomie au Sahara, pr\u00e9sent\u00e9e par le Royaume du Maroc en 2007, a b\u00e9n\u00e9fici\u00e9 d\u2019une reconnaissance internationale large qui confirme son s\u00e9rieux et son r\u00e9alisme. Ce soutien a \u00e9t\u00e9 r\u00e9cemment illustr\u00e9 par le vote \u00e0 l\u2019unanimit\u00e9 du S\u00e9nat chilien en faveur d\u2019une r\u00e9solution soutenant cette initiative comme solution d\u00e9finitive et durable au diff\u00e9rend concernant les provinces du Sud. Ce consensus chilien n\u2019est pas un simple soutien passager, mais refl\u00e8te un tournant mondial vers l\u2019adoption de la vision marocaine comme cadre pratique pour r\u00e9soudre les conflits.<\/p>\n<p style=\"text-align: justify;\"><strong>Qu\u2019est-ce qui rend cette initiative unique ?<\/strong><br \/>\nLa r\u00e9solution du S\u00e9nat chilien qualifie l\u2019initiative marocaine de \u00ab\u00a0base la plus s\u00e9rieuse et r\u00e9aliste\u00a0\u00bb pour garantir la paix et le bien-\u00eatre dans la r\u00e9gion. Mais qu\u2019est-ce qui pousse des pays comme les \u00c9tats-Unis, la France, l&rsquo;Allemagne, et m\u00eame l&rsquo;Espagne, \u00e0 la soutenir ? Est-ce le succ\u00e8s du Royaume du Maroc \u00e0 \u00e9tablir un mod\u00e8le politique bas\u00e9 sur la stabilit\u00e9 et l\u2019\u00e9quilibre ? Ou bien est-ce la sagesse royale qui a trac\u00e9 un chemin clair pour surmonter les crises r\u00e9gionales ?<\/p>\n<p style=\"text-align: justify;\"><strong>Un soutien international sans pr\u00e9c\u00e9dent<\/strong><br \/>\nDepuis son lancement, l\u2019initiative a b\u00e9n\u00e9fici\u00e9 du soutien de puissances internationales influentes, notamment les \u00c9tats-Unis, qui ont r\u00e9it\u00e9r\u00e9 \u00e0 plusieurs reprises que cette initiative est la voie la plus efficace pour r\u00e9soudre ce conflit. Le S\u00e9nat chilien a rejoint cette tendance, soulignant l\u2019importance de la r\u00e9solution 1754 adopt\u00e9e par le Conseil de s\u00e9curit\u00e9 en avril 2007, qui encadre l\u2019initiative comme base pour la n\u00e9gociation et la solution.<\/p>\n<p style=\"text-align: justify;\"><strong>Le Chili et son r\u00f4le dans le soutien \u00e0 l\u2019initiative marocaine<\/strong><br \/>\nLa r\u00e9solution chilienne n\u2019\u00e9tait pas qu\u2019un geste symbolique. L\u2019initiative a \u00e9t\u00e9 port\u00e9e par l\u2019ancienne pr\u00e9sidente du S\u00e9nat, Yasna Provoste, qui pr\u00e9side actuellement le groupe d\u2019amiti\u00e9 parlementaire maroco-chilien. Cela refl\u00e8te un engagement parlementaire profond pour renforcer les relations bilat\u00e9rales et soutenir la vision marocaine. Comment ce soutien peut-il influencer les positions des autres pays d\u2019Am\u00e9rique latine ? Et pourrons-nous assister bient\u00f4t \u00e0 une vague de reconnaissance r\u00e9gionale similaire ?<\/p>\n<p style=\"text-align: justify;\"><strong>La sagesse royale au c\u0153ur du consensus international<\/strong><br \/>\nUne fois de plus, la politique marocaine, sous la conduite du roi Mohammed VI, prouve sa capacit\u00e9 \u00e0 proposer des solutions innovantes et accept\u00e9es \u00e0 l\u2019\u00e9chelle internationale. L\u2019initiative d\u2019autonomie n\u2019est pas seulement une proposition politique, mais une vision globale visant \u00e0 assurer la stabilit\u00e9 et le d\u00e9veloppement dans une r\u00e9gion marqu\u00e9e par les conflits et les tensions.<\/p>\n<p style=\"text-align: justify;\"><strong>La question qui se pose maintenant :<\/strong><br \/>\nJusqu\u2019o\u00f9 cette initiative pourrait-elle devenir un mod\u00e8le de diplomatie intelligente pour r\u00e9soudre d&rsquo;autres conflits r\u00e9gionaux ? Et le monde assistera-t-il \u00e0 une adoption plus large de cette vision marocaine qui allie r\u00e9alisme et sagesse politique ?<\/p>\n<p style=\"text-align: justify;\">La transformation qu\u2019a accomplie l\u2019initiative marocaine n\u2019\u00e9tait pas un hasard. Elle est le r\u00e9sultat d\u2019un travail acharn\u00e9 et d\u2019une diplomatie efficace qui refl\u00e8te une vision unique de leadership, faisant du Maroc un phare de solutions r\u00e9alistes dans un monde en crise.<\/p>\n","protected":false},"excerpt":{"rendered":"<p>L\u2019initiative marocaine d\u2019autonomie au Sahara, pr\u00e9sent\u00e9e par le Royaume du Maroc en 2007, a b\u00e9n\u00e9fici\u00e9 d\u2019une reconnaissance internationale large qui confirme son s\u00e9rieux et son r\u00e9alisme. Ce soutien a \u00e9t\u00e9 r\u00e9cemment illustr\u00e9 par le vote \u00e0 l\u2019unanimit\u00e9 du S\u00e9nat chilien en faveur d\u2019une r\u00e9solution soutenant cette initiative comme solution d\u00e9finitive et durable au diff\u00e9rend concernant [&hellip;]<\/p>\n","protected":false},"author":2,"featured_media":786,"comment_status":"open","ping_status":"open","sticky":false,"template":"","format":"standard","meta":{"footnotes":""},"categories":[28,35,49],"tags":[],"class_list":{"0":"post-785","1":"post","2":"type-post","3":"status-publish","4":"format-standard","5":"has-post-thumbnail","7":"category-afrique","8":"category-amerique-du-sud","9":"category-le-maghreb"},"_links":{"self":[{"href":"https:\/\/diplomatique.ma\/fr\/wp-json\/wp\/v2\/posts\/785","targetHints":{"allow":["GET"]}}],"collection":[{"href":"https:\/\/diplomatique.ma\/fr\/wp-json\/wp\/v2\/posts"}],"about":[{"href":"https:\/\/diplomatique.ma\/fr\/wp-json\/wp\/v2\/types\/post"}],"author":[{"embeddable":true,"href":"https:\/\/diplomatique.ma\/fr\/wp-json\/wp\/v2\/users\/2"}],"replies":[{"embeddable":true,"href":"https:\/\/diplomatique.ma\/fr\/wp-json\/wp\/v2\/comments?post=785"}],"version-history":[{"count":1,"href":"https:\/\/diplomatique.ma\/fr\/wp-json\/wp\/v2\/posts\/785\/revisions"}],"predecessor-version":[{"id":787,"href":"https:\/\/diplomatique.ma\/fr\/wp-json\/wp\/v2\/posts\/785\/revisions\/787"}],"wp:featuredmedia":[{"embeddable":true,"href":"https:\/\/diplomatique.ma\/fr\/wp-json\/wp\/v2\/media\/786"}],"wp:attachment":[{"href":"https:\/\/diplomatique.ma\/fr\/wp-json\/wp\/v2\/media?parent=785"}],"wp:term":[{"taxonomy":"category","embeddable":true,"href":"https:\/\/diplomatique.ma\/fr\/wp-json\/wp\/v2\/categories?post=785"},{"taxonomy":"post_tag","embeddable":true,"href":"https:\/\/diplomatique.ma\/fr\/wp-json\/wp\/v2\/tags?post=785"}],"curies":[{"name":"wp","href":"https:\/\/api.w.org\/{rel}","templated":true}]}}