{"id":799,"date":"2025-01-27T14:30:32","date_gmt":"2025-01-27T14:30:32","guid":{"rendered":"https:\/\/diplomatique.ma\/fr\/?p=799"},"modified":"2025-01-27T17:35:07","modified_gmt":"2025-01-27T17:35:07","slug":"lespagne-doit-elle-reevaluer-sa-strategie-envers-le-maroc-avec-le-retour-de-trump-un-expert-espagnol-souleve-les-grandes-questions","status":"publish","type":"post","link":"https:\/\/diplomatique.ma\/fr\/lespagne-doit-elle-reevaluer-sa-strategie-envers-le-maroc-avec-le-retour-de-trump-un-expert-espagnol-souleve-les-grandes-questions\/","title":{"rendered":"\u00ab\u00a0L&rsquo;Espagne doit-elle r\u00e9\u00e9valuer sa strat\u00e9gie envers le Maroc avec le retour de Trump ? Un expert espagnol soul\u00e8ve les grandes questions\u00a0\u00bb"},"content":{"rendered":"<p style=\"text-align: justify;\"><strong>D<\/strong>ans une analyse r\u00e9cente parue dans le journal <a href=\"https:\/\/www.abc.es\/internacional\/cia-modifica-mapa-marruecos-detalle-ver-espana-20250125174534-nt.html?ref=https%3A%2F%2Fwww.abc.es%2Finternacional%2Fcia-modifica-mapa-marruecos-detalle-ver-espana-20250125174534-nt.html\"><strong><em>ABC\u00a0<\/em><\/strong><\/a>, Jos\u00e9 Antonio Gorbegui, professeur d&rsquo;\u00e9tudes am\u00e9ricaines et directeur de l&rsquo;Institut Franklin \u00e0 l&rsquo;Universit\u00e9 d&rsquo;Alcal\u00e1, a abord\u00e9 l&rsquo;impact du retour de l&rsquo;ex-pr\u00e9sident am\u00e9ricain Donald Trump sur les relations entre l&rsquo;Espagne et le Maroc. Il a soulign\u00e9 que ce retour pourrait obliger Madrid \u00e0 revoir ses strat\u00e9gies vis-\u00e0-vis de Rabat.<\/p>\n<p style=\"text-align: justify;\">Mais que signifie r\u00e9ellement le retour de Trump pour la politique espagnole ? Le rapport de forces dans la r\u00e9gion a-t-il chang\u00e9 avec ces \u00e9volutions des positions am\u00e9ricaines ? L\u2019Espagne est-elle pr\u00eate \u00e0 d\u00e9passer ses facteurs traditionnels dans ses relations avec le Maroc ou les pressions politiques et \u00e9conomiques influenceront-elles sa position ? Tant de questions qui \u00e9mergent face \u00e0 ces \u00e9volutions.<\/p>\n<p style=\"text-align: justify;\"><strong>Une relation historique entre le Maroc et les \u00c9tats-Unis<\/strong><\/p>\n<p style=\"text-align: justify;\">Gorbegui insiste sur le fait que la relation entre le Maroc et les \u00c9tats-Unis n\u2019est pas nouvelle ; elle remonte au XVIIIe si\u00e8cle, lorsque le Maroc a \u00e9t\u00e9 le premier pays \u00e0 reconna\u00eetre l&rsquo;ind\u00e9pendance des \u00c9tats-Unis vis-\u00e0-vis de la Grande-Bretagne. Cette relation historique nourrit des d\u00e9sirs et des strat\u00e9gies partag\u00e9s, mais elle pourrait rencontrer de nouveaux d\u00e9fis avec le retour de Trump.<\/p>\n<p style=\"text-align: justify;\"><strong>Les changements politiques am\u00e9ricains et leurs cons\u00e9quences sur le Sahara<\/strong><\/p>\n<p style=\"text-align: justify;\">Un des moments marquants de cette relation a \u00e9t\u00e9 la d\u00e9cision de Trump en d\u00e9cembre 2020 de reconna\u00eetre la souverainet\u00e9 du Maroc sur le Sahara. Ce n\u2019\u00e9tait pas un geste symbolique, mais une transformation strat\u00e9gique qui pourrait red\u00e9finir l\u2019\u00e9quilibre des forces dans la r\u00e9gion.<\/p>\n<p style=\"text-align: justify;\">Cette position am\u00e9ricaine ne se limite pas \u00e0 une d\u00e9claration diplomatique, elle se refl\u00e8te \u00e9galement dans d\u2019autres actions, comme la mise \u00e0 jour de la base de donn\u00e9es <em>The World Factbook<\/em> par la <strong>CIA<\/strong>, qui inclut une carte montrant le Sahara comme faisant partie du territoire marocain.<\/p>\n<p><img loading=\"lazy\" decoding=\"async\" class=\"aligncenter wp-image-800 size-full\" src=\"https:\/\/diplomatique.ma\/fr\/wp-content\/uploads\/2025\/01\/morocco_map-U43267708185XDP-760x780@diario_abc.jpg\" alt=\"\" width=\"760\" height=\"780\" srcset=\"https:\/\/diplomatique.ma\/fr\/wp-content\/uploads\/2025\/01\/morocco_map-U43267708185XDP-760x780@diario_abc.jpg 760w, https:\/\/diplomatique.ma\/fr\/wp-content\/uploads\/2025\/01\/morocco_map-U43267708185XDP-760x780@diario_abc-292x300.jpg 292w, https:\/\/diplomatique.ma\/fr\/wp-content\/uploads\/2025\/01\/morocco_map-U43267708185XDP-760x780@diario_abc-150x154.jpg 150w, https:\/\/diplomatique.ma\/fr\/wp-content\/uploads\/2025\/01\/morocco_map-U43267708185XDP-760x780@diario_abc-300x308.jpg 300w, https:\/\/diplomatique.ma\/fr\/wp-content\/uploads\/2025\/01\/morocco_map-U43267708185XDP-760x780@diario_abc-696x714.jpg 696w\" sizes=\"auto, (max-width: 760px) 100vw, 760px\" \/><\/p>\n<p style=\"text-align: justify;\">Que signifie ce changement dans la vision am\u00e9ricaine ? Aura-t-il un impact r\u00e9el sur la position d&rsquo;autres pays ?<\/p>\n<p style=\"text-align: justify;\"><strong>Les positions europ\u00e9ennes : de l&rsquo;h\u00e9sitation au soutien<\/strong><\/p>\n<p style=\"text-align: justify;\">La d\u00e9claration de Trump en 2020 a effectivement provoqu\u00e9 des changements dans les positions de nombreux pays europ\u00e9ens. En mars 2022, l&rsquo;Espagne a d\u00e9cid\u00e9 de soutenir le plan d&rsquo;autonomie propos\u00e9 par le Maroc pour le Sahara.<\/p>\n<p><img loading=\"lazy\" decoding=\"async\" class=\"aligncenter wp-image-801 size-full\" src=\"https:\/\/diplomatique.ma\/fr\/wp-content\/uploads\/2025\/01\/map-U13517705651FHz-760x550@diario_abc.jpg\" alt=\"\" width=\"760\" height=\"550\" srcset=\"https:\/\/diplomatique.ma\/fr\/wp-content\/uploads\/2025\/01\/map-U13517705651FHz-760x550@diario_abc.jpg 760w, https:\/\/diplomatique.ma\/fr\/wp-content\/uploads\/2025\/01\/map-U13517705651FHz-760x550@diario_abc-300x217.jpg 300w, https:\/\/diplomatique.ma\/fr\/wp-content\/uploads\/2025\/01\/map-U13517705651FHz-760x550@diario_abc-150x109.jpg 150w, https:\/\/diplomatique.ma\/fr\/wp-content\/uploads\/2025\/01\/map-U13517705651FHz-760x550@diario_abc-696x504.jpg 696w\" sizes=\"auto, (max-width: 760px) 100vw, 760px\" \/><\/p>\n<p style=\"text-align: justify;\"><strong>L<\/strong>a France, quant \u00e0 elle, est all\u00e9e encore plus loin en juillet 2024 en soutenant la souverainet\u00e9 marocaine sur cette r\u00e9gion.<\/p>\n<p style=\"text-align: justify;\">Alors, ces \u00e9volutions europ\u00e9ennes suivent-elles la tendance des politiques am\u00e9ricaines, ou l&rsquo;Europe cherche-t-elle \u00e0 maintenir un \u00e9quilibre ind\u00e9pendant ? Comment les autres pays europ\u00e9ens seront-ils influenc\u00e9s par ces changements dans les politiques am\u00e9ricaines ?<\/p>\n<p style=\"text-align: justify;\"><strong>Le retour de Trump : un nouvel \u00e9lan pour le Maroc et de nouveaux d\u00e9fis diplomatiques pour l&rsquo;Espagne<\/strong><\/p>\n<p style=\"text-align: justify;\">Jos\u00e9 Antonio Gorbegui indique que le retour de Trump pourrait offrir un nouveau souffle au Maroc pour renforcer sa position \u00e0 l&rsquo;international, notamment concernant la question du Sahara. L&rsquo;Espagne sera-t-elle en mesure de faire face \u00e0 cette pression croissante ? Ce sc\u00e9nario pourrait-il amener le Maroc \u00e0 adopter des positions plus fermes sur la question du Sahara, ce qui repr\u00e9senterait un d\u00e9fi suppl\u00e9mentaire pour Madrid ?<\/p>\n<p style=\"text-align: justify;\"><strong>Les \u00c9tats-Unis et le Maroc : une alliance renforc\u00e9e ?<\/strong><\/p>\n<p style=\"text-align: justify;\">Le retour de Trump pourrait inciter le Maroc \u00e0 adopter des positions plus rigides vis-\u00e0-vis de la question du Sahara, ce qui mettrait l&rsquo;Espagne devant de nouveaux d\u00e9fis. Le Maroc poursuivra-t-il sa pression pour une reconnaissance internationale accrue ? Le r\u00f4le des \u00c9tats-Unis dans cette dynamique devient de plus en plus central, et l\u2019Espagne pourrait se retrouver dans une position d\u00e9licate face \u00e0 ces \u00e9volutions.<\/p>\n<p style=\"text-align: justify;\">Le monde de la politique change rapidement, mais au c\u0153ur de ces changements, les strat\u00e9gies et les relations historiques continuent de jouer un r\u00f4le central. La question de savoir comment le retour de Trump influencera la politique espagnole vis-\u00e0-vis du Maroc reste donc ouverte et m\u00e9rite une attention particuli\u00e8re.<\/p>\n","protected":false},"excerpt":{"rendered":"<p>Dans une analyse r\u00e9cente parue dans le journal ABC\u00a0, Jos\u00e9 Antonio Gorbegui, professeur d&rsquo;\u00e9tudes am\u00e9ricaines et directeur de l&rsquo;Institut Franklin \u00e0 l&rsquo;Universit\u00e9 d&rsquo;Alcal\u00e1, a abord\u00e9 l&rsquo;impact du retour de l&rsquo;ex-pr\u00e9sident am\u00e9ricain Donald Trump sur les relations entre l&rsquo;Espagne et le Maroc. Il a soulign\u00e9 que ce retour pourrait obliger Madrid \u00e0 revoir ses strat\u00e9gies vis-\u00e0-vis [&hellip;]<\/p>\n","protected":false},"author":2,"featured_media":802,"comment_status":"open","ping_status":"open","sticky":false,"template":"","format":"standard","meta":{"footnotes":""},"categories":[28,33,25,49],"tags":[],"class_list":{"0":"post-799","1":"post","2":"type-post","3":"status-publish","4":"format-standard","5":"has-post-thumbnail","7":"category-afrique","8":"category-amerique-du-nord","9":"category-europ","10":"category-le-maghreb"},"_links":{"self":[{"href":"https:\/\/diplomatique.ma\/fr\/wp-json\/wp\/v2\/posts\/799","targetHints":{"allow":["GET"]}}],"collection":[{"href":"https:\/\/diplomatique.ma\/fr\/wp-json\/wp\/v2\/posts"}],"about":[{"href":"https:\/\/diplomatique.ma\/fr\/wp-json\/wp\/v2\/types\/post"}],"author":[{"embeddable":true,"href":"https:\/\/diplomatique.ma\/fr\/wp-json\/wp\/v2\/users\/2"}],"replies":[{"embeddable":true,"href":"https:\/\/diplomatique.ma\/fr\/wp-json\/wp\/v2\/comments?post=799"}],"version-history":[{"count":1,"href":"https:\/\/diplomatique.ma\/fr\/wp-json\/wp\/v2\/posts\/799\/revisions"}],"predecessor-version":[{"id":803,"href":"https:\/\/diplomatique.ma\/fr\/wp-json\/wp\/v2\/posts\/799\/revisions\/803"}],"wp:featuredmedia":[{"embeddable":true,"href":"https:\/\/diplomatique.ma\/fr\/wp-json\/wp\/v2\/media\/802"}],"wp:attachment":[{"href":"https:\/\/diplomatique.ma\/fr\/wp-json\/wp\/v2\/media?parent=799"}],"wp:term":[{"taxonomy":"category","embeddable":true,"href":"https:\/\/diplomatique.ma\/fr\/wp-json\/wp\/v2\/categories?post=799"},{"taxonomy":"post_tag","embeddable":true,"href":"https:\/\/diplomatique.ma\/fr\/wp-json\/wp\/v2\/tags?post=799"}],"curies":[{"name":"wp","href":"https:\/\/api.w.org\/{rel}","templated":true}]}}