{"id":840,"date":"2025-02-06T12:39:37","date_gmt":"2025-02-06T12:39:37","guid":{"rendered":"https:\/\/diplomatique.ma\/fr\/?p=840"},"modified":"2025-02-06T15:56:25","modified_gmt":"2025-02-06T15:56:25","slug":"declarations-de-trump-sur-le-transfert-des-habitants-de-gaza-au-maroc-analyse-des-dimensions-politiques-humanitaires-et-des-reactions-internationales","status":"publish","type":"post","link":"https:\/\/diplomatique.ma\/fr\/declarations-de-trump-sur-le-transfert-des-habitants-de-gaza-au-maroc-analyse-des-dimensions-politiques-humanitaires-et-des-reactions-internationales\/","title":{"rendered":"D\u00e9clarations de Trump sur le transfert des habitants de Gaza au Maroc : Analyse des dimensions politiques, humanitaires et des r\u00e9actions internationales"},"content":{"rendered":"<p style=\"text-align: justify;\">Les d\u00e9clarations de l&rsquo;ancien pr\u00e9sident am\u00e9ricain Donald Trump concernant le transfert des habitants de la bande de Gaza vers d&rsquo;autres pays, y compris le Maroc, ont suscit\u00e9 une vague de controverse et de condamnation internationale. Ces d\u00e9clarations, largement relay\u00e9es par les m\u00e9dias isra\u00e9liens, ne sont pas de simples remarques passag\u00e8res, mais s&rsquo;inscrivent dans le cadre de plans plus larges visant \u00e0 remodeler la carte politique et d\u00e9mographique du Moyen-Orient. Quelles sont les dimensions de ces d\u00e9clarations ? Comment peuvent-elles \u00eatre analys\u00e9es dans le cadre du conflit isra\u00e9lo-palestinien ? Et quelles sont les r\u00e9actions internationales qui ont suivi ?<\/p>\n<ol style=\"text-align: justify;\" start=\"1\">\n<li><strong>Contexte g\u00e9n\u00e9ral des d\u00e9clarations<\/strong>\u00a0:<br \/>\nLes d\u00e9clarations de Trump ne sont pas sorties de nulle part. Elles s&rsquo;inscrivent dans la politique de son administration, marqu\u00e9e par un soutien clair \u00e0 Isra\u00ebl, allant du transfert de l&rsquo;ambassade am\u00e9ricaine \u00e0 J\u00e9rusalem, en passant par le plan \u00ab\u00a0Accord du si\u00e8cle\u00a0\u00bb, jusqu&rsquo;\u00e0 l&rsquo;\u00e9vocation du d\u00e9placement des Palestiniens de leurs terres. Les m\u00e9dias isra\u00e9liens ont indiqu\u00e9 que Trump envisageait de transf\u00e9rer les habitants de Gaza vers d&rsquo;autres r\u00e9gions, y compris le Maroc, dans le cadre de plans plus larges visant \u00e0 r\u00e9organiser la situation d\u00e9mographique dans la r\u00e9gion.<br \/>\n<strong>Question<\/strong>\u00a0: Ces d\u00e9clarations \u00e9taient-elles simplement une provocation politique, ou refl\u00e8tent-elles des plans r\u00e9els \u00e0 l&rsquo;\u00e9tude ? Quels sont les objectifs cach\u00e9s derri\u00e8re ces plans ?<\/li>\n<li><strong>R\u00e9actions palestiniennes<\/strong>\u00a0:<br \/>\nLes r\u00e9actions palestiniennes ont \u00e9t\u00e9 vives et directes. L&rsquo;ambassadeur palestinien aupr\u00e8s des Nations Unies, Riyad Mansour, a affirm\u00e9 que \u00ab\u00a0le peuple palestinien n&rsquo;a pas d&rsquo;autre patrie que l&rsquo;\u00c9tat de Palestine\u00a0\u00bb, soulignant que Gaza fait partie int\u00e9grante du futur \u00c9tat palestinien. Le mouvement Hamas, quant \u00e0 lui, a appel\u00e9 \u00e0 la formation urgente d&rsquo;un gouvernement d&rsquo;union nationale pour faire face \u00e0 ces plans, les qualifiant de \u00ab\u00a0moment historique crucial et d&rsquo;un d\u00e9fi majeur mettant en p\u00e9ril les int\u00e9r\u00eats du peuple palestinien\u00a0\u00bb.<br \/>\n<strong>Question<\/strong>\u00a0: Comment les factions palestiniennes peuvent-elles renforcer leur unit\u00e9 face \u00e0 ces d\u00e9fis ? Ces d\u00e9clarations pourraient-elles remodeler le paysage politique palestinien ?<\/li>\n<li><strong>Position internationale<\/strong>\u00a0:<br \/>\nLes r\u00e9actions internationales ont \u00e9t\u00e9 rapides et fermes. Le secr\u00e9taire g\u00e9n\u00e9ral des Nations Unies, Ant\u00f3nio Guterres, a soulign\u00e9 que toute paix durable au Moyen-Orient n\u00e9cessite des progr\u00e8s vers une solution \u00e0 deux \u00c9tats et la fin de l&rsquo;occupation isra\u00e9lienne. L&rsquo;Union europ\u00e9enne, de son c\u00f4t\u00e9, a rejet\u00e9 tout plan de d\u00e9placement des Palestiniens, affirmant que Gaza fait partie int\u00e9grante du futur \u00c9tat palestinien. La France et l&rsquo;\u00c9gypte, dans une d\u00e9claration commune, ont estim\u00e9 que tout d\u00e9placement forc\u00e9 des Palestiniens constituerait une violation grave du droit international.<br \/>\n<strong>Question<\/strong>\u00a0: Ces d\u00e9clarations pourraient-elles relancer les efforts internationaux pour r\u00e9soudre le conflit isra\u00e9lo-palestinien ? Quel est le r\u00f4le de la communaut\u00e9 internationale dans la protection des droits du peuple palestinien ?<\/li>\n<li><strong>Position arabe<\/strong>\u00a0:<br \/>\nLa position arabe a \u00e9t\u00e9 claire dans son rejet de tout plan visant \u00e0 d\u00e9placer les Palestiniens. L&rsquo;Arabie saoudite, sous la direction du prince h\u00e9ritier Mohammed ben Salmane, a r\u00e9affirm\u00e9 son soutien constant \u00e0 la cr\u00e9ation d&rsquo;un \u00c9tat palestinien ind\u00e9pendant avec J\u00e9rusalem-Est pour capitale, et a rejet\u00e9 toute n\u00e9gociation ou surench\u00e8re au d\u00e9triment des droits du peuple palestinien. L&rsquo;\u00c9gypte, quant \u00e0 elle, a insist\u00e9 sur la n\u00e9cessit\u00e9 de se pr\u00e9parer \u00e0 des sc\u00e9narios pessimistes, tout en soulignant la stabilit\u00e9 de la situation r\u00e9gionale.<br \/>\n<strong>Question<\/strong>\u00a0: Comment les \u00c9tats arabes peuvent-ils renforcer leur position unifi\u00e9e face \u00e0 ces d\u00e9fis ? Quel r\u00f4le l&rsquo;Arabie saoudite peut-elle jouer en tant que leader des efforts arabes ?<\/li>\n<li><strong>Dimension humanitaire et juridique<\/strong>\u00a0:<br \/>\nLes d\u00e9clarations de Trump ont soulev\u00e9 de s\u00e9rieuses inqui\u00e9tudes concernant les violations des droits de l&rsquo;homme et du droit international. Le minist\u00e8re malaisien des Affaires \u00e9trang\u00e8res a qualifi\u00e9 ces plans de \u00ab\u00a0nettoyage ethnique\u00a0\u00bb et de violation flagrante du droit international. Les organisations de d\u00e9fense des droits de l&rsquo;homme ont averti que toute tentative de d\u00e9placer de force les Palestiniens entra\u00eenerait une catastrophe humanitaire.<br \/>\n<strong>Question<\/strong>\u00a0: Quels sont les m\u00e9canismes internationaux disponibles pour contrer ces plans ? Comment renforcer la protection juridique du peuple palestinien ?<\/li>\n<li><strong>Analyse critique<\/strong>\u00a0:<br \/>\nLes d\u00e9clarations de Trump refl\u00e8tent une vision politique visant \u00e0 remodeler la r\u00e9alit\u00e9 d\u00e9mographique de la r\u00e9gion au profit des int\u00e9r\u00eats isra\u00e9liens. Ces plans, bien qu&rsquo;ils semblent irr\u00e9alistes pour le moment, refl\u00e8tent des tendances dangereuses qui pourraient exacerber le conflit et l&rsquo;instabilit\u00e9 dans la r\u00e9gion.<br \/>\n<strong>Question<\/strong>\u00a0: Quelles sont les cons\u00e9quences potentielles de ces plans sur l&rsquo;avenir du conflit isra\u00e9lo-palestinien ? Pourraient-ils entra\u00eener un changement dans l&rsquo;\u00e9quilibre des forces r\u00e9gionales ?<\/li>\n<\/ol>\n<p style=\"text-align: justify;\"><strong>Conclusion<\/strong>\u00a0:<br \/>\nLes d\u00e9clarations de Trump sur le transfert des habitants de Gaza au Maroc ne sont pas de simples remarques passag\u00e8res, mais refl\u00e8tent des plans plus larges visant \u00e0 remodeler la r\u00e9alit\u00e9 politique et d\u00e9mographique de la r\u00e9gion. Les r\u00e9actions internationales et arabes ont \u00e9t\u00e9 claires dans leur rejet de ces plans, tout en insistant sur la n\u00e9cessit\u00e9 d&rsquo;une solution \u00e0 deux \u00c9tats et de la fin de l&rsquo;occupation isra\u00e9lienne. En fin de compte, la question principale demeure : ces d\u00e9clarations pourraient-elles relancer les efforts internationaux pour r\u00e9soudre le conflit, ou vont-elles compliquer davantage la situation dans la r\u00e9gion ?<\/p>\n<h3 style=\"text-align: justify;\"><\/h3>\n<div class=\"youtube-embed\" data-video_id=\"6pmxj0lxUJw\"><iframe loading=\"lazy\" title=\"\u0625\u0639\u0644\u0627\u0645 \u0625\u0633\u0631\u0627\u0626\u064a\u0644\u064a: \u062a\u0631\u0645\u0628 \u064a\u0631\u064a\u062f \u0646\u0642\u0644 \u0633\u0643\u0627\u0646 \u063a\u0632\u0629 \u0625\u0644\u0649 \u0627\u0644\u0645\u063a\u0631\u0628\" width=\"696\" height=\"392\" src=\"https:\/\/www.youtube.com\/embed\/6pmxj0lxUJw?feature=oembed&#038;enablejsapi=1\" frameborder=\"0\" allow=\"accelerometer; autoplay; clipboard-write; encrypted-media; gyroscope; picture-in-picture; web-share\" referrerpolicy=\"strict-origin-when-cross-origin\" allowfullscreen><\/iframe><\/div>\n","protected":false},"excerpt":{"rendered":"<p>Les d\u00e9clarations de l&rsquo;ancien pr\u00e9sident am\u00e9ricain Donald Trump concernant le transfert des habitants de la bande de Gaza vers d&rsquo;autres pays, y compris le Maroc, ont suscit\u00e9 une vague de controverse et de condamnation internationale. Ces d\u00e9clarations, largement relay\u00e9es par les m\u00e9dias isra\u00e9liens, ne sont pas de simples remarques passag\u00e8res, mais s&rsquo;inscrivent dans le cadre [&hellip;]<\/p>\n","protected":false},"author":2,"featured_media":841,"comment_status":"open","ping_status":"open","sticky":false,"template":"","format":"standard","meta":{"footnotes":""},"categories":[28,34,49,29],"tags":[],"class_list":{"0":"post-840","1":"post","2":"type-post","3":"status-publish","4":"format-standard","5":"has-post-thumbnail","7":"category-afrique","8":"category-amerique-centrale","9":"category-le-maghreb","10":"category-moyen-orient"},"_links":{"self":[{"href":"https:\/\/diplomatique.ma\/fr\/wp-json\/wp\/v2\/posts\/840","targetHints":{"allow":["GET"]}}],"collection":[{"href":"https:\/\/diplomatique.ma\/fr\/wp-json\/wp\/v2\/posts"}],"about":[{"href":"https:\/\/diplomatique.ma\/fr\/wp-json\/wp\/v2\/types\/post"}],"author":[{"embeddable":true,"href":"https:\/\/diplomatique.ma\/fr\/wp-json\/wp\/v2\/users\/2"}],"replies":[{"embeddable":true,"href":"https:\/\/diplomatique.ma\/fr\/wp-json\/wp\/v2\/comments?post=840"}],"version-history":[{"count":1,"href":"https:\/\/diplomatique.ma\/fr\/wp-json\/wp\/v2\/posts\/840\/revisions"}],"predecessor-version":[{"id":842,"href":"https:\/\/diplomatique.ma\/fr\/wp-json\/wp\/v2\/posts\/840\/revisions\/842"}],"wp:featuredmedia":[{"embeddable":true,"href":"https:\/\/diplomatique.ma\/fr\/wp-json\/wp\/v2\/media\/841"}],"wp:attachment":[{"href":"https:\/\/diplomatique.ma\/fr\/wp-json\/wp\/v2\/media?parent=840"}],"wp:term":[{"taxonomy":"category","embeddable":true,"href":"https:\/\/diplomatique.ma\/fr\/wp-json\/wp\/v2\/categories?post=840"},{"taxonomy":"post_tag","embeddable":true,"href":"https:\/\/diplomatique.ma\/fr\/wp-json\/wp\/v2\/tags?post=840"}],"curies":[{"name":"wp","href":"https:\/\/api.w.org\/{rel}","templated":true}]}}