{"id":900,"date":"2025-02-22T12:30:38","date_gmt":"2025-02-22T12:30:38","guid":{"rendered":"https:\/\/diplomatique.ma\/fr\/?p=900"},"modified":"2025-02-24T18:48:11","modified_gmt":"2025-02-24T18:48:11","slug":"premiere-session-mondiale-apres-le-discours-royal-le-bataillon-mohammed-vi-a-amsterdam-renforce-le-role-de-la-communaute-marocaine-dans-la-defense-de-lintegrite-territoriale","status":"publish","type":"post","link":"https:\/\/diplomatique.ma\/fr\/premiere-session-mondiale-apres-le-discours-royal-le-bataillon-mohammed-vi-a-amsterdam-renforce-le-role-de-la-communaute-marocaine-dans-la-defense-de-lintegrite-territoriale\/","title":{"rendered":"\u00ab\u00a0Premi\u00e8re session mondiale apr\u00e8s le discours royal : &lsquo;Le Bataillon Mohammed VI&rsquo; \u00e0 Amsterdam renforce le r\u00f4le de la communaut\u00e9 marocaine dans la d\u00e9fense de l&rsquo;int\u00e9grit\u00e9 territoriale\u00a0\u00bb"},"content":{"rendered":"<p style=\"text-align: justify;\">Dans le cadre de la dynamique positive que conna\u00eet le dossier du Sahara marocain, sous la conduite de Sa Majest\u00e9 le Roi Mohammed VI, que Dieu L\u2019assiste, la diplomatie parall\u00e8le s\u2019impose comme l\u2019un des piliers fondamentaux dans la d\u00e9fense de l\u2019int\u00e9grit\u00e9 territoriale du Royaume. Dans ce contexte, le magazine\u00a0<strong>\u00ab\u00a0Diplomatie\u00a0\u00bb<\/strong>, en partenariat avec la\u00a0<strong>Ligue Mondiale des Marocains R\u00e9sidant \u00e0 l\u2019\u00c9tranger<\/strong>\u00a0et les associations de la soci\u00e9t\u00e9 civile aux Pays-Bas, a organis\u00e9 la premi\u00e8re session de formation sous le th\u00e8me\u00a0<strong>\u00ab\u00a0Bataillon Mohammed VI\u00a0\u00bb<\/strong>, une initiative nationale qui refl\u00e8te l\u2019engagement de la communaut\u00e9 marocaine \u00e0 l\u2019\u00e9tranger en faveur des causes vitales du Royaume.<\/p>\n<p><img loading=\"lazy\" decoding=\"async\" class=\"aligncenter wp-image-901 size-full\" src=\"https:\/\/diplomatique.ma\/fr\/wp-content\/uploads\/2025\/02\/IMG_1210.jpg\" alt=\"\" width=\"800\" height=\"600\" srcset=\"https:\/\/diplomatique.ma\/fr\/wp-content\/uploads\/2025\/02\/IMG_1210.jpg 800w, https:\/\/diplomatique.ma\/fr\/wp-content\/uploads\/2025\/02\/IMG_1210-300x225.jpg 300w, https:\/\/diplomatique.ma\/fr\/wp-content\/uploads\/2025\/02\/IMG_1210-768x576.jpg 768w, https:\/\/diplomatique.ma\/fr\/wp-content\/uploads\/2025\/02\/IMG_1210-150x113.jpg 150w, https:\/\/diplomatique.ma\/fr\/wp-content\/uploads\/2025\/02\/IMG_1210-696x522.jpg 696w\" sizes=\"auto, (max-width: 800px) 100vw, 800px\" \/><\/p>\n<p style=\"text-align: justify;\"><strong>Jamal Soussi : Leader de la diplomatie parall\u00e8le<\/strong><br \/>\nConsid\u00e9r\u00e9 comme l\u2019un des pionniers de la diplomatie parall\u00e8le, Jamal Soussi, \u00e9crivain, journaliste et directeur de publication du magazine\u00a0<strong>\u00ab\u00a0Diplomatie\u00a0\u00bb<\/strong>, a contribu\u00e9 par ses id\u00e9es et ses actions \u00e0 renforcer le r\u00f4le central de la communaut\u00e9 marocaine dans la d\u00e9fense de la cause nationale. Lors de son discours d\u2019ouverture, Soussi a soulign\u00e9 que les victoires diplomatiques du Maroc, sous la conduite du Roi Mohammed VI, ne sont pas une fin en soi, mais plut\u00f4t une motivation pour redoubler d\u2019efforts et se pr\u00e9parer \u00e0 relever les d\u00e9fis li\u00e9s \u00e0 la cause nationale.<\/p>\n<p><img loading=\"lazy\" decoding=\"async\" class=\"aligncenter wp-image-902 size-full\" src=\"https:\/\/diplomatique.ma\/fr\/wp-content\/uploads\/2025\/02\/IMG_1218.jpg\" alt=\"\" width=\"800\" height=\"600\" srcset=\"https:\/\/diplomatique.ma\/fr\/wp-content\/uploads\/2025\/02\/IMG_1218.jpg 800w, https:\/\/diplomatique.ma\/fr\/wp-content\/uploads\/2025\/02\/IMG_1218-300x225.jpg 300w, https:\/\/diplomatique.ma\/fr\/wp-content\/uploads\/2025\/02\/IMG_1218-768x576.jpg 768w, https:\/\/diplomatique.ma\/fr\/wp-content\/uploads\/2025\/02\/IMG_1218-150x113.jpg 150w, https:\/\/diplomatique.ma\/fr\/wp-content\/uploads\/2025\/02\/IMG_1218-696x522.jpg 696w\" sizes=\"auto, (max-width: 800px) 100vw, 800px\" \/><\/p>\n<p style=\"text-align: justify;\">Il a \u00e9galement indiqu\u00e9 que le choix d\u2019Amsterdam pour accueillir cette session de formation refl\u00e8te la vision strat\u00e9gique du Maroc visant \u00e0 renforcer la pr\u00e9sence de la communaut\u00e9 marocaine \u00e0 l\u2019\u00e9tranger en tant que force diplomatique douce, contribuant \u00e0 soutenir les int\u00e9r\u00eats supr\u00eames du Royaume. Il a insist\u00e9 sur l\u2019importance de l\u2019implication de la soci\u00e9t\u00e9 civile dans l\u2019unification des rangs et la sensibilisation \u00e0 la question du Sahara marocain, \u00e0 travers des arguments juridiques, historiques et politiques qui confirment la l\u00e9gitimit\u00e9 du Maroc sur son Sahara.<\/p>\n<p style=\"text-align: justify;\"><strong>La session de formation : Une \u00e9cole nationale \u00e0 l\u2019\u00e9tranger<\/strong><br \/>\nLa session de formation\u00a0<strong>\u00ab\u00a0Bataillon Mohammed VI\u00a0\u00bb<\/strong>\u00a0a connu une participation massive des membres de la communaut\u00e9 marocaine aux Pays-Bas, allant des artistes et imams aux intellectuels, ainsi que des personnalit\u00e9s \u00e9minentes de la communaut\u00e9 juive marocaine, refl\u00e9tant ainsi l\u2019unit\u00e9 nationale qui rassemble les Marocains de toutes composantes derri\u00e8re la banni\u00e8re de la patrie.<\/p>\n<p><img loading=\"lazy\" decoding=\"async\" class=\"aligncenter wp-image-903 size-full\" src=\"https:\/\/diplomatique.ma\/fr\/wp-content\/uploads\/2025\/02\/IMG_1240.jpg\" alt=\"\" width=\"800\" height=\"600\" srcset=\"https:\/\/diplomatique.ma\/fr\/wp-content\/uploads\/2025\/02\/IMG_1240.jpg 800w, https:\/\/diplomatique.ma\/fr\/wp-content\/uploads\/2025\/02\/IMG_1240-300x225.jpg 300w, https:\/\/diplomatique.ma\/fr\/wp-content\/uploads\/2025\/02\/IMG_1240-768x576.jpg 768w, https:\/\/diplomatique.ma\/fr\/wp-content\/uploads\/2025\/02\/IMG_1240-150x113.jpg 150w, https:\/\/diplomatique.ma\/fr\/wp-content\/uploads\/2025\/02\/IMG_1240-696x522.jpg 696w\" sizes=\"auto, (max-width: 800px) 100vw, 800px\" \/> <img loading=\"lazy\" decoding=\"async\" class=\"aligncenter wp-image-906 size-full\" src=\"https:\/\/diplomatique.ma\/fr\/wp-content\/uploads\/2025\/02\/IMG_1235.jpg\" alt=\"\" width=\"800\" height=\"600\" srcset=\"https:\/\/diplomatique.ma\/fr\/wp-content\/uploads\/2025\/02\/IMG_1235.jpg 800w, https:\/\/diplomatique.ma\/fr\/wp-content\/uploads\/2025\/02\/IMG_1235-300x225.jpg 300w, https:\/\/diplomatique.ma\/fr\/wp-content\/uploads\/2025\/02\/IMG_1235-768x576.jpg 768w, https:\/\/diplomatique.ma\/fr\/wp-content\/uploads\/2025\/02\/IMG_1235-150x113.jpg 150w, https:\/\/diplomatique.ma\/fr\/wp-content\/uploads\/2025\/02\/IMG_1235-696x522.jpg 696w\" sizes=\"auto, (max-width: 800px) 100vw, 800px\" \/>\u00a0<img loading=\"lazy\" decoding=\"async\" class=\"aligncenter wp-image-905 size-full\" src=\"https:\/\/diplomatique.ma\/fr\/wp-content\/uploads\/2025\/02\/IMG_1260.jpg\" alt=\"\" width=\"800\" height=\"600\" srcset=\"https:\/\/diplomatique.ma\/fr\/wp-content\/uploads\/2025\/02\/IMG_1260.jpg 800w, https:\/\/diplomatique.ma\/fr\/wp-content\/uploads\/2025\/02\/IMG_1260-300x225.jpg 300w, https:\/\/diplomatique.ma\/fr\/wp-content\/uploads\/2025\/02\/IMG_1260-768x576.jpg 768w, https:\/\/diplomatique.ma\/fr\/wp-content\/uploads\/2025\/02\/IMG_1260-150x113.jpg 150w, https:\/\/diplomatique.ma\/fr\/wp-content\/uploads\/2025\/02\/IMG_1260-696x522.jpg 696w\" sizes=\"auto, (max-width: 800px) 100vw, 800px\" \/><\/p>\n<p style=\"text-align: justify;\">Les sessions ont port\u00e9 sur les techniques de plaidoyer en faveur de la cause de l\u2019int\u00e9grit\u00e9 territoriale, en mettant l\u2019accent sur la pr\u00e9sentation de preuves juridiques et historiques solides, renfor\u00e7ant ainsi la position marocaine sur la sc\u00e8ne internationale. Dans ce contexte, Mustapha Zahir, secr\u00e9taire g\u00e9n\u00e9ral de l\u2019association\u00a0<strong>\u00ab\u00a0Mimoen\u00a0\u00bb<\/strong>\u00a0\u00e0 Amsterdam, a qualifi\u00e9 cette initiative de\u00a0<strong>\u00ab\u00a0traduction concr\u00e8te de la vision royale sage\u00a0\u00bb<\/strong>, soulignant que l\u2019autonomie sous souverainet\u00e9 marocaine est la seule solution viable et soutenue internationalement.<\/p>\n<p><img loading=\"lazy\" decoding=\"async\" class=\"aligncenter wp-image-911 size-full\" src=\"https:\/\/diplomatique.ma\/fr\/wp-content\/uploads\/2025\/02\/IMG_1228.jpg\" alt=\"\" width=\"800\" height=\"600\" srcset=\"https:\/\/diplomatique.ma\/fr\/wp-content\/uploads\/2025\/02\/IMG_1228.jpg 800w, https:\/\/diplomatique.ma\/fr\/wp-content\/uploads\/2025\/02\/IMG_1228-300x225.jpg 300w, https:\/\/diplomatique.ma\/fr\/wp-content\/uploads\/2025\/02\/IMG_1228-768x576.jpg 768w, https:\/\/diplomatique.ma\/fr\/wp-content\/uploads\/2025\/02\/IMG_1228-150x113.jpg 150w, https:\/\/diplomatique.ma\/fr\/wp-content\/uploads\/2025\/02\/IMG_1228-696x522.jpg 696w\" sizes=\"auto, (max-width: 800px) 100vw, 800px\" \/><\/p>\n<p style=\"text-align: justify;\">De son c\u00f4t\u00e9, M. Lahcen Farah, pr\u00e9sident de la fondation\u00a0<strong>\u00ab\u00a0Participation Sociale\u00a0\u00bb<\/strong>\u00a0\u00e0 Amsterdam, a affirm\u00e9 que cette session de formation renforce le r\u00f4le de la communaut\u00e9 marocaine en tant qu\u2019acteur cl\u00e9 de la diplomatie parall\u00e8le, et sa capacit\u00e9 \u00e0 transmettre une image authentique de la cause nationale, tout en contrant les fausses informations propag\u00e9es par les parties hostiles.<\/p>\n<p style=\"text-align: justify;\"><strong>Interventions des pr\u00e9sidents d\u2019associations et de la soci\u00e9t\u00e9 civile<\/strong><br \/>\nLa session a \u00e9t\u00e9 marqu\u00e9e par une participation active des pr\u00e9sidents d\u2019associations marocaines \u00e0 Amsterdam, qui ont soulign\u00e9 l\u2019importance d\u2019impliquer la communaut\u00e9 dans la d\u00e9fense des causes nationales. M. Sameul Kaspi, pr\u00e9sident de l\u2019association <strong>\u00ab\u00a0Mimoeon\u00a0\u00bb<\/strong>, a indiqu\u00e9 que cette session intervient \u00e0 un moment crucial qui exige une intensification des efforts pour unifier la voix marocaine \u00e0 l\u2019\u00e9tranger. Il a \u00e9galement insist\u00e9 sur le fait que la soci\u00e9t\u00e9 civile constitue une force de pression capable d\u2019influencer l\u2019opinion publique europ\u00e9enne en faveur de la cause nationale.<\/p>\n<p><img loading=\"lazy\" decoding=\"async\" class=\"aligncenter wp-image-907 size-full\" src=\"https:\/\/diplomatique.ma\/fr\/wp-content\/uploads\/2025\/02\/IMG_1222.jpg\" alt=\"\" width=\"800\" height=\"600\" srcset=\"https:\/\/diplomatique.ma\/fr\/wp-content\/uploads\/2025\/02\/IMG_1222.jpg 800w, https:\/\/diplomatique.ma\/fr\/wp-content\/uploads\/2025\/02\/IMG_1222-300x225.jpg 300w, https:\/\/diplomatique.ma\/fr\/wp-content\/uploads\/2025\/02\/IMG_1222-768x576.jpg 768w, https:\/\/diplomatique.ma\/fr\/wp-content\/uploads\/2025\/02\/IMG_1222-150x113.jpg 150w, https:\/\/diplomatique.ma\/fr\/wp-content\/uploads\/2025\/02\/IMG_1222-696x522.jpg 696w\" sizes=\"auto, (max-width: 800px) 100vw, 800px\" \/><\/p>\n<p style=\"text-align: justify;\">Pour sa part, M. Mustapha Zahir, secr\u00e9taire g\u00e9n\u00e9ral de l\u2019association\u00a0<strong>\u00ab\u00a0Mimouna\u00a0\u00bb<\/strong>, a soulign\u00e9 que cette initiative est une pierre angulaire vers la cr\u00e9ation d\u2019un r\u00e9seau international de plaidoyer pour la cause du Sahara marocain, affirmant que les associations marocaines \u00e0 l\u2019\u00e9tranger ont la capacit\u00e9 de faire la diff\u00e9rence si la coordination entre elles est renforc\u00e9e.<\/p>\n<p style=\"text-align: justify;\">Quant \u00e0 Mme Nezha, militante des droits des femmes et de la citoyennet\u00e9, elle a mis en avant le r\u00f4le des femmes marocaines dans le renforcement de la diplomatie parall\u00e8le, soulignant que les femmes de la communaut\u00e9 peuvent jouer un r\u00f4le essentiel dans la diffusion du discours national et la d\u00e9fense de l\u2019int\u00e9grit\u00e9 territoriale de mani\u00e8re diplomatique et efficace.<\/p>\n<p style=\"text-align: justify;\"><strong>Vers la cr\u00e9ation d\u2019une institution sp\u00e9cialis\u00e9e en diplomatie parall\u00e8le<\/strong><br \/>\nL\u2019un des r\u00e9sultats marquants de cette session a \u00e9t\u00e9 l\u2019annonce d\u2019un projet visant \u00e0 cr\u00e9er une institution sp\u00e9cialis\u00e9e dans la formation et la qualification des jeunes et des cadres de la communaut\u00e9 marocaine \u00e0 travers le monde dans le domaine de la diplomatie parall\u00e8le.<\/p>\n<p style=\"text-align: justify;\">Cette institution sera charg\u00e9e d\u2019organiser des sessions de formation dans diff\u00e9rents pays europ\u00e9ens, notamment en Belgique, en Espagne, au Danemark et en Su\u00e8de, afin de renforcer la pr\u00e9sence du Maroc sur la sc\u00e8ne internationale. Elle travaillera \u00e9galement \u00e0 d\u00e9velopper des outils pratiques et des supports scientifiques pour soutenir le plaidoyer en faveur de la cause du Sahara marocain, en s\u2019appuyant sur une approche qui combine un discours diplomatique rigoureux et une strat\u00e9gie m\u00e9diatique efficace.<\/p>\n<p style=\"text-align: justify;\"><strong>La soci\u00e9t\u00e9 civile : Une arme du Maroc dans la bataille de la sensibilisation<\/strong><br \/>\nLes participants \u00e0 la session ont affirm\u00e9 que la soci\u00e9t\u00e9 civile marocaine \u00e0 l\u2019\u00e9tranger est la premi\u00e8re ligne de d\u00e9fense des causes nationales, \u00e9tant aujourd\u2019hui plus consciente et plus engag\u00e9e face \u00e0 l\u2019ampleur des responsabilit\u00e9s qui lui incombent. \u00c0 cet \u00e9gard, M. Mamdouh El Johari, pr\u00e9sident de la F\u00e9d\u00e9ration des Marocains aux Pays-Bas, a insist\u00e9 sur le fait que\u00a0<strong>\u00ab\u00a0l\u2019unit\u00e9 des rangs et la clart\u00e9 du discours\u00a0\u00bb<\/strong>\u00a0sont les cl\u00e9s pour remporter la bataille diplomatique.<\/p>\n<p><img loading=\"lazy\" decoding=\"async\" class=\"aligncenter wp-image-908 size-full\" src=\"https:\/\/diplomatique.ma\/fr\/wp-content\/uploads\/2025\/02\/IMG_1217.jpg\" alt=\"\" width=\"800\" height=\"600\" srcset=\"https:\/\/diplomatique.ma\/fr\/wp-content\/uploads\/2025\/02\/IMG_1217.jpg 800w, https:\/\/diplomatique.ma\/fr\/wp-content\/uploads\/2025\/02\/IMG_1217-300x225.jpg 300w, https:\/\/diplomatique.ma\/fr\/wp-content\/uploads\/2025\/02\/IMG_1217-768x576.jpg 768w, https:\/\/diplomatique.ma\/fr\/wp-content\/uploads\/2025\/02\/IMG_1217-150x113.jpg 150w, https:\/\/diplomatique.ma\/fr\/wp-content\/uploads\/2025\/02\/IMG_1217-696x522.jpg 696w\" sizes=\"auto, (max-width: 800px) 100vw, 800px\" \/><\/p>\n<p style=\"text-align: justify;\"><strong>Vers une diplomatie parall\u00e8le plus efficace<\/strong><br \/>\nL\u2019initiative\u00a0<strong>\u00ab\u00a0Bataillon Mohammed VI\u00a0\u00bb<\/strong>\u00a0est une \u00e9tape pionni\u00e8re dans le renforcement de la diplomatie parall\u00e8le et la cr\u00e9ation de ponts de communication entre la communaut\u00e9 marocaine \u00e0 l\u2019\u00e9tranger et les institutions nationales. Cependant, le plus grand d\u00e9fi reste d\u2019assurer la p\u00e9rennit\u00e9 de ces initiatives et d\u2019\u00e9largir leur port\u00e9e pour toucher un maximum de Marocains r\u00e9sidant \u00e0 l\u2019\u00e9tranger.<\/p>\n<p style=\"text-align: justify;\">Dans un contexte de d\u00e9fis actuels, une question fondamentale se pose :\u00a0<strong>Comment exploiter cette dynamique nationale pour garantir un impact diplomatique durable de la communaut\u00e9 marocaine ? Et comment renforcer la coop\u00e9ration entre ces initiatives et les institutions officielles pour atteindre des objectifs communs ?<\/strong><\/p>\n<p style=\"text-align: justify;\"><strong>Conclusion : Des soldats au service de la patrie<\/strong><br \/>\nLa participation des membres de la communaut\u00e9 marocaine \u00e0 l\u2019\u00e9tranger \u00e0 de telles initiatives est une manifestation vivante d\u2019un patriotisme sinc\u00e8re et un renouvellement de l\u2019engagement \u00e0 poursuivre la lutte pour l\u2019unit\u00e9 de la patrie. Comme l\u2019a dit Sa Majest\u00e9 le Roi Mohammed VI, que Dieu L\u2019assiste :\u00a0<strong>\u00ab\u00a0Le Maroc restera dans son Sahara, et le Sahara dans son Maroc, jusqu\u2019\u00e0 ce que Dieu h\u00e9rite de la Terre et de ceux qui l\u2019habitent.\u00a0\u00bb<\/strong><\/p>\n<p style=\"text-align: justify;\">De ce point de vue, chaque Marocain, qu\u2019il soit \u00e0 l\u2019int\u00e9rieur ou \u00e0 l\u2019ext\u00e9rieur du pays, est un soldat dans la bataille pour la pr\u00e9servation de l\u2019unit\u00e9 du Royaume. Sa participation \u00e0 de telles formations n\u2019est pas une simple pr\u00e9sence, mais une incarnation pratique des valeurs de citoyennet\u00e9 et d\u2019appartenance sinc\u00e8re \u00e0 la terre de la patrie bien-aim\u00e9e.<\/p>\n","protected":false},"excerpt":{"rendered":"<p>Dans le cadre de la dynamique positive que conna\u00eet le dossier du Sahara marocain, sous la conduite de Sa Majest\u00e9 le Roi Mohammed VI, que Dieu L\u2019assiste, la diplomatie parall\u00e8le s\u2019impose comme l\u2019un des piliers fondamentaux dans la d\u00e9fense de l\u2019int\u00e9grit\u00e9 territoriale du Royaume. Dans ce contexte, le magazine\u00a0\u00ab\u00a0Diplomatie\u00a0\u00bb, en partenariat avec la\u00a0Ligue Mondiale des [&hellip;]<\/p>\n","protected":false},"author":2,"featured_media":913,"comment_status":"open","ping_status":"open","sticky":false,"template":"","format":"standard","meta":{"footnotes":""},"categories":[28,25,49,23],"tags":[],"class_list":{"0":"post-900","1":"post","2":"type-post","3":"status-publish","4":"format-standard","5":"has-post-thumbnail","7":"category-afrique","8":"category-europ","9":"category-le-maghreb","10":"category-politique"},"_links":{"self":[{"href":"https:\/\/diplomatique.ma\/fr\/wp-json\/wp\/v2\/posts\/900","targetHints":{"allow":["GET"]}}],"collection":[{"href":"https:\/\/diplomatique.ma\/fr\/wp-json\/wp\/v2\/posts"}],"about":[{"href":"https:\/\/diplomatique.ma\/fr\/wp-json\/wp\/v2\/types\/post"}],"author":[{"embeddable":true,"href":"https:\/\/diplomatique.ma\/fr\/wp-json\/wp\/v2\/users\/2"}],"replies":[{"embeddable":true,"href":"https:\/\/diplomatique.ma\/fr\/wp-json\/wp\/v2\/comments?post=900"}],"version-history":[{"count":2,"href":"https:\/\/diplomatique.ma\/fr\/wp-json\/wp\/v2\/posts\/900\/revisions"}],"predecessor-version":[{"id":912,"href":"https:\/\/diplomatique.ma\/fr\/wp-json\/wp\/v2\/posts\/900\/revisions\/912"}],"wp:featuredmedia":[{"embeddable":true,"href":"https:\/\/diplomatique.ma\/fr\/wp-json\/wp\/v2\/media\/913"}],"wp:attachment":[{"href":"https:\/\/diplomatique.ma\/fr\/wp-json\/wp\/v2\/media?parent=900"}],"wp:term":[{"taxonomy":"category","embeddable":true,"href":"https:\/\/diplomatique.ma\/fr\/wp-json\/wp\/v2\/categories?post=900"},{"taxonomy":"post_tag","embeddable":true,"href":"https:\/\/diplomatique.ma\/fr\/wp-json\/wp\/v2\/tags?post=900"}],"curies":[{"name":"wp","href":"https:\/\/api.w.org\/{rel}","templated":true}]}}