{"id":937,"date":"2025-02-26T00:53:22","date_gmt":"2025-02-26T00:53:22","guid":{"rendered":"https:\/\/diplomatique.ma\/fr\/?p=937"},"modified":"2025-02-26T15:54:43","modified_gmt":"2025-02-26T15:54:43","slug":"bourita-repond-a-des-parlementaires-europeens-la-tentative-dentrer-a-laayoune-est-un-non-evenement-et-le-maroc-poursuit-sa-souverainete","status":"publish","type":"post","link":"https:\/\/diplomatique.ma\/fr\/bourita-repond-a-des-parlementaires-europeens-la-tentative-dentrer-a-laayoune-est-un-non-evenement-et-le-maroc-poursuit-sa-souverainete\/","title":{"rendered":"Bourita r\u00e9pond \u00e0 des parlementaires europ\u00e9ens : La tentative d&rsquo;entrer \u00e0 La\u00e2youne est \u00ab\u00a0un non-\u00e9v\u00e9nement\u00a0\u00bb&#8230; et le Maroc poursuit sa souverainet\u00e9"},"content":{"rendered":"<p style=\"text-align: justify;\">Dans le premier commentaire officiel sur l&rsquo;incident du refoulement de quatre d\u00e9put\u00e9s europ\u00e9ens et de leurs accompagnateurs apr\u00e8s leur tentative d&rsquo;entrer ill\u00e9galement dans la ville de La\u00e2youne, le ministre marocain des Affaires \u00e9trang\u00e8res, Nasser Bourita, a affirm\u00e9 que cette d\u00e9marche n&rsquo;\u00e9tait qu&rsquo;une \u00ab\u00a0tentative de perturbation\u00a0\u00bb, la qualifiant de \u00ab\u00a0non-\u00e9v\u00e9nement\u00a0\u00bb.<\/p>\n<div class=\"youtube-embed\" data-video_id=\"AhyNF5RbMGU\"><iframe loading=\"lazy\" title=\"\u0631\u062f \u0646\u0627\u0635\u0631 \u0628\u0648\u0631\u064a\u0637\u0629 \u0639\u0644\u0649 \u0642\u0636\u064a\u0629 \u0631\u0641\u0636 \u062f\u062e\u0648\u0644 \u062b\u0644\u0627\u062b\u0629 \u0646\u0648\u0627\u0628 \u0623\u0648\u0631\u0648\u0628\u064a\u064a\u0646 \u0645\u0624\u064a\u062f\u064a\u0646 \u0644\u062c\u0628\u0647\u0629 \u0627\u0644\u0628\u0648\u0644\u064a\u0633\u0627\u0631\u064a\u0648 \u0625\u0644\u0649 \u0627\u0644\u0639\u064a\u0648\u0646\" width=\"696\" height=\"392\" src=\"https:\/\/www.youtube.com\/embed\/AhyNF5RbMGU?feature=oembed&#038;enablejsapi=1\" frameborder=\"0\" allow=\"accelerometer; autoplay; clipboard-write; encrypted-media; gyroscope; picture-in-picture; web-share\" referrerpolicy=\"strict-origin-when-cross-origin\" allowfullscreen><\/iframe><\/div>\n<p style=\"text-align: justify;\">Les d\u00e9clarations de Bourita ont \u00e9t\u00e9 faites lors d&rsquo;une conf\u00e9rence de presse en marge de sa rencontre avec le ministre des Affaires \u00e9trang\u00e8res du Cap-Vert \u00e0 Rabat, o\u00f9 il a soulign\u00e9 que le Maroc \u00ab\u00a0poursuit l&rsquo;exercice de sa pleine souverainet\u00e9 sur l&rsquo;ensemble de ses territoires\u00a0\u00bb. Cet incident ouvre la porte \u00e0 des questions sur ses dimensions diplomatiques et politiques, ainsi que sur son impact sur les relations maroco-europ\u00e9ennes, notamment dans le contexte r\u00e9gional et international actuel.<\/p>\n<p style=\"text-align: justify;\"><strong>L&rsquo;incident : Tentative d&rsquo;entr\u00e9e ill\u00e9gale ou provocation d\u00e9lib\u00e9r\u00e9e ?<\/strong><\/p>\n<p style=\"text-align: justify;\">Selon les d\u00e9tails, quatre parlementaires europ\u00e9ens, dont des Espagnols de la r\u00e9gion basque, ont tent\u00e9 d&rsquo;entrer dans la ville de La\u00e2youne via un vol en provenance des \u00eeles Canaries, en coordination avec le front s\u00e9paratiste \u00ab\u00a0Polisario\u00a0\u00bb et avec le soutien du parti espagnol \u00ab\u00a0Podemos\u00a0\u00bb. La d\u00e9l\u00e9gation pr\u00e9voyait de tenir des r\u00e9unions avec des entit\u00e9s soutenant la s\u00e9paration au Sahara, y compris des repr\u00e9sentants de ce qu&rsquo;on appelle les \u00ab\u00a0d\u00e9fenseurs des droits de l&rsquo;homme au Sahara\u00a0\u00bb.<\/p>\n<p style=\"text-align: justify;\"><strong>Les questions soulev\u00e9es :<\/strong><\/p>\n<ul style=\"text-align: justify;\">\n<li>Quel est le v\u00e9ritable agenda derri\u00e8re cette tentative ? S&rsquo;agit-il d&rsquo;une tentative de provoquer le Maroc ou simplement d&rsquo;une d\u00e9marche de propagande en faveur du front Polisario ?<\/li>\n<li>Pourquoi La\u00e2youne a-t-elle \u00e9t\u00e9 choisie comme destination pour cette visite ? Cela refl\u00e8te-t-il une tentative de tester la r\u00e9action du Maroc ?<\/li>\n<\/ul>\n<p style=\"text-align: justify;\"><strong>La r\u00e9ponse de Bourita : Entre fermet\u00e9 diplomatique et refus de la provocation<\/strong><\/p>\n<p style=\"text-align: justify;\">Dans une r\u00e9ponse claire et ferme, Bourita a qualifi\u00e9 l&rsquo;incident de \u00ab\u00a0tentative de perturbation\u00a0\u00bb et a affirm\u00e9 qu&rsquo;il s&rsquo;agissait d&rsquo;un \u00ab\u00a0non-\u00e9v\u00e9nement\u00a0\u00bb, soulignant que le Maroc ne permettrait aucune violation de sa souverainet\u00e9 ou de ses lois. Il a ajout\u00e9 que de telles tentatives \u00ab\u00a0n&rsquo;affectent pas la voie dans laquelle le Maroc avance concernant le dossier du Sahara\u00a0\u00bb, affirmant que le Royaume continuera \u00e0 renforcer ses relations avec ses partenaires internationaux par les canaux officiels.<\/p>\n<p style=\"text-align: justify;\"><strong>Les questions soulev\u00e9es :<\/strong><\/p>\n<ul style=\"text-align: justify;\">\n<li>Quel message le Maroc voulait-il transmettre en refoulant la d\u00e9l\u00e9gation europ\u00e9enne ? Cette fermet\u00e9 refl\u00e8te-t-elle un changement dans la politique \u00e9trang\u00e8re marocaine ?<\/li>\n<li>Comment interpr\u00e9ter la description de l&rsquo;incident par Bourita comme un \u00ab\u00a0non-\u00e9v\u00e9nement\u00a0\u00bb ? S&rsquo;agit-il d&rsquo;une minimisation de l&rsquo;incident ou d&rsquo;une affirmation que le Maroc ne permettra pas sa r\u00e9p\u00e9tition ?<\/li>\n<\/ul>\n<p style=\"text-align: justify;\"><strong>Le contexte r\u00e9gional et international : Le Maroc et l&rsquo;Union europ\u00e9enne entre coop\u00e9ration et provocation<\/strong><\/p>\n<p style=\"text-align: justify;\">Cet incident survient \u00e0 un moment o\u00f9 les relations maroco-europ\u00e9ennes connaissent une dynamique positive, notamment apr\u00e8s la r\u00e9cente rencontre entre le pr\u00e9sident de la Chambre des repr\u00e9sentants marocaine, Rachid Talbi El Alami, et la pr\u00e9sidente du Parlement europ\u00e9en, Roberta Metsola, o\u00f9 l&rsquo;importance du dialogue et de la coop\u00e9ration entre les deux parties a \u00e9t\u00e9 soulign\u00e9e. Cependant, cet incident rappelle les tensions pass\u00e9es entre le Maroc et l&rsquo;Union europ\u00e9enne, en particulier concernant le dossier du Sahara.<\/p>\n<p style=\"text-align: justify;\"><strong>Les questions soulev\u00e9es :<\/strong><\/p>\n<ul style=\"text-align: justify;\">\n<li>Comment cet incident pourrait-il affecter les relations maroco-europ\u00e9ennes, notamment dans le contexte du soutien europ\u00e9en croissant \u00e0 la position marocaine sur le dossier du Sahara ?<\/li>\n<li>Cet incident refl\u00e8te-t-il l&rsquo;existence de courants au sein de l&rsquo;Union europ\u00e9enne qui soutiennent encore des agendas hostiles au Maroc ?<\/li>\n<\/ul>\n<p style=\"text-align: justify;\"><strong>Le Maroc et le dossier du Sahara : Renforcement de la souverainet\u00e9 et refus des ing\u00e9rences ext\u00e9rieures<\/strong><\/p>\n<p style=\"text-align: justify;\">Il est clair que le Maroc consid\u00e8re le dossier du Sahara comme une partie int\u00e9grante de sa souverainet\u00e9 nationale, et il a r\u00e9ussi \u00e0 renforcer sa position sur la sc\u00e8ne internationale gr\u00e2ce \u00e0 la reconnaissance am\u00e9ricaine de sa souverainet\u00e9 sur le Sahara et au soutien de nombreux autres pays. Dans ce contexte, la tentative de la d\u00e9l\u00e9gation europ\u00e9enne d&rsquo;entrer \u00e0 La\u00e2youne semble avoir \u00e9t\u00e9 une tentative de tester la fermet\u00e9 du Maroc dans la d\u00e9fense de sa souverainet\u00e9.<\/p>\n<p style=\"text-align: justify;\"><strong>Les questions soulev\u00e9es :<\/strong><\/p>\n<ul style=\"text-align: justify;\">\n<li>Comment de tels incidents pourraient-ils affecter les efforts marocains pour r\u00e9gler le dossier du Sahara ?<\/li>\n<li>La r\u00e9ponse ferme du Maroc refl\u00e8te-t-elle une volont\u00e9 d&rsquo;envoyer un message clair aux pays et entit\u00e9s qui soutiennent encore des agendas hostiles \u00e0 sa souverainet\u00e9 ?<\/li>\n<\/ul>\n<p style=\"text-align: justify;\"><strong>Analyse critique : Entre fermet\u00e9 excessive et flexibilit\u00e9 diplomatique<\/strong><\/p>\n<p style=\"text-align: justify;\">Bien que la r\u00e9ponse du Maroc ait \u00e9t\u00e9 ferme et refl\u00e8te son engagement \u00e0 prot\u00e9ger sa souverainet\u00e9, certains observateurs pourraient se demander s&rsquo;il aurait \u00e9t\u00e9 possible de g\u00e9rer l&rsquo;incident diff\u00e9remment, notamment dans le contexte des relations positives avec l&rsquo;Union europ\u00e9enne. Aurait-il \u00e9t\u00e9 pr\u00e9f\u00e9rable de traiter avec la d\u00e9l\u00e9gation europ\u00e9enne par des canaux diplomatiques plut\u00f4t que de la refouler imm\u00e9diatement ?<\/p>\n<p style=\"text-align: justify;\"><strong>Les questions soulev\u00e9es :<\/strong><\/p>\n<ul style=\"text-align: justify;\">\n<li>La r\u00e9ponse du Maroc \u00e9tait-elle proportionnelle \u00e0 la gravit\u00e9 de l&rsquo;incident ? Ou pourrait-elle donner l&rsquo;impression d&rsquo;une fermet\u00e9 excessive ?<\/li>\n<li>Comment le Maroc peut-il trouver un \u00e9quilibre entre la protection de sa souverainet\u00e9 et le maintien de ses relations internationales ?<\/li>\n<\/ul>\n<p style=\"text-align: justify;\"><strong>Conclusion : Le Maroc envoie un message clair&#8230; et la souverainet\u00e9 est une ligne rouge<\/strong><\/p>\n<p style=\"text-align: justify;\">En fin de compte, il semble que le Maroc ait voulu, \u00e0 travers cet incident, envoyer un message clair \u00e0 la communaut\u00e9 internationale : sa souverainet\u00e9 sur ses territoires est une ligne rouge qui ne peut \u00eatre franchie. Bien que l&rsquo;incident puisse sembler mineur, il refl\u00e8te les d\u00e9fis auxquels le Maroc est confront\u00e9 pour renforcer sa position internationale tout en prot\u00e9geant sa souverainet\u00e9. La question qui reste pos\u00e9e est : Comment le Maroc peut-il continuer \u00e0 renforcer sa position internationale sur le dossier du Sahara sans \u00eatre affect\u00e9 par de telles tentatives provocatrices ?<\/p>\n","protected":false},"excerpt":{"rendered":"<p>Dans le premier commentaire officiel sur l&rsquo;incident du refoulement de quatre d\u00e9put\u00e9s europ\u00e9ens et de leurs accompagnateurs apr\u00e8s leur tentative d&rsquo;entrer ill\u00e9galement dans la ville de La\u00e2youne, le ministre marocain des Affaires \u00e9trang\u00e8res, Nasser Bourita, a affirm\u00e9 que cette d\u00e9marche n&rsquo;\u00e9tait qu&rsquo;une \u00ab\u00a0tentative de perturbation\u00a0\u00bb, la qualifiant de \u00ab\u00a0non-\u00e9v\u00e9nement\u00a0\u00bb. Les d\u00e9clarations de Bourita ont \u00e9t\u00e9 [&hellip;]<\/p>\n","protected":false},"author":2,"featured_media":938,"comment_status":"open","ping_status":"open","sticky":false,"template":"","format":"standard","meta":{"footnotes":""},"categories":[28,25,49,23],"tags":[],"class_list":{"0":"post-937","1":"post","2":"type-post","3":"status-publish","4":"format-standard","5":"has-post-thumbnail","7":"category-afrique","8":"category-europ","9":"category-le-maghreb","10":"category-politique"},"_links":{"self":[{"href":"https:\/\/diplomatique.ma\/fr\/wp-json\/wp\/v2\/posts\/937","targetHints":{"allow":["GET"]}}],"collection":[{"href":"https:\/\/diplomatique.ma\/fr\/wp-json\/wp\/v2\/posts"}],"about":[{"href":"https:\/\/diplomatique.ma\/fr\/wp-json\/wp\/v2\/types\/post"}],"author":[{"embeddable":true,"href":"https:\/\/diplomatique.ma\/fr\/wp-json\/wp\/v2\/users\/2"}],"replies":[{"embeddable":true,"href":"https:\/\/diplomatique.ma\/fr\/wp-json\/wp\/v2\/comments?post=937"}],"version-history":[{"count":1,"href":"https:\/\/diplomatique.ma\/fr\/wp-json\/wp\/v2\/posts\/937\/revisions"}],"predecessor-version":[{"id":939,"href":"https:\/\/diplomatique.ma\/fr\/wp-json\/wp\/v2\/posts\/937\/revisions\/939"}],"wp:featuredmedia":[{"embeddable":true,"href":"https:\/\/diplomatique.ma\/fr\/wp-json\/wp\/v2\/media\/938"}],"wp:attachment":[{"href":"https:\/\/diplomatique.ma\/fr\/wp-json\/wp\/v2\/media?parent=937"}],"wp:term":[{"taxonomy":"category","embeddable":true,"href":"https:\/\/diplomatique.ma\/fr\/wp-json\/wp\/v2\/categories?post=937"},{"taxonomy":"post_tag","embeddable":true,"href":"https:\/\/diplomatique.ma\/fr\/wp-json\/wp\/v2\/tags?post=937"}],"curies":[{"name":"wp","href":"https:\/\/api.w.org\/{rel}","templated":true}]}}